{"id":91098,"date":"2026-02-28T16:34:57","date_gmt":"2026-02-28T13:34:57","guid":{"rendered":"https:\/\/www.egemtv.com\/?p=91098"},"modified":"2026-02-28T16:34:58","modified_gmt":"2026-02-28T13:34:58","slug":"kalp-krizi-sonrasi-vefat-eden-belediye-baskani-topraga-verildi","status":"publish","type":"post","link":"https:\/\/www.egemtv.com\/?p=91098","title":{"rendered":"Kalp krizi sonras\u0131 vefat eden belediye ba\u015fkan\u0131 topra\u011fa verildi"},"content":{"rendered":"<p>Afyonkarahisar\u2019da ge\u00e7irdi\u011fi kalp krizi sonras\u0131 hayat\u0131n\u0131 kaybeden Sinanpa\u015fa il\u00e7esine ba\u011fl\u0131 G\u00fcney Belde Belediye Ba\u015fkan\u0131 Erol Karabacak topra\u011fa verildi.<br \/>\n<br \/>Ba\u015fkan Karabacak d\u00fcn sabah saatlerinde evinde ge\u00e7irdi\u011fi kalp krizi sonras\u0131 hayat\u0131n\u0131 kaybetti. Karabacak i\u00e7in bug\u00fcn \u00f6\u011fle namaz\u0131n\u0131n ard\u0131ndan cenaze t\u00f6reni ger\u00e7ekle\u015ftirildi. Milletvekilleri ve siyasi parti temsilcilerinin de kat\u0131ld\u0131\u011f\u0131 cenaze t\u00f6reninin ard\u0131ndan Karabacak belde mezarl\u0131\u011f\u0131nda topra\u011fa verildi.<br \/>\n<br \/>61 ya\u015f\u0131ndaki Karabacak\u2019\u0131n evli ve 5 \u00e7ocuk babas\u0131 oldu\u011fu \u00f6\u011frenildi.<br \/><\/p>\n","protected":false},"excerpt":{"rendered":"<p>Afyonkarahisar\u2019da ge\u00e7irdi\u011fi kalp krizi sonras\u0131 hayat\u0131n\u0131 kaybeden Sinanpa\u015fa il\u00e7esine ba\u011fl\u0131 G\u00fcney Belde Belediye Ba\u015fkan\u0131 Erol Karabacak topra\u011fa verildi. Ba\u015fkan Karabacak d\u00fcn sabah saatlerinde evinde ge\u00e7irdi\u011fi kalp krizi sonras\u0131 hayat\u0131n\u0131 kaybetti. Karabacak i\u00e7in bug\u00fcn \u00f6\u011fle namaz\u0131n\u0131n ard\u0131ndan cenaze t\u00f6reni ger\u00e7ekle\u015ftirildi. Milletvekilleri ve siyasi parti temsilcilerinin de kat\u0131ld\u0131\u011f\u0131 cenaze t\u00f6reninin ard\u0131ndan Karabacak belde mezarl\u0131\u011f\u0131nda topra\u011fa verildi. 61&#8230;<\/p>\n","protected":false},"author":1,"featured_media":91099,"comment_status":"open","ping_status":"open","sticky":false,"template":"","format":"standard","meta":{"_crdt_document":"","footnotes":""},"categories":[1],"tags":[],"class_list":["post-91098","post","type-post","status-publish","format-standard","has-post-thumbnail","hentry","category-guncel"],"_links":{"self":[{"href":"https:\/\/www.egemtv.com\/index.php?rest_route=\/wp\/v2\/posts\/91098","targetHints":{"allow":["GET"]}}],"collection":[{"href":"https:\/\/www.egemtv.com\/index.php?rest_route=\/wp\/v2\/posts"}],"about":[{"href":"https:\/\/www.egemtv.com\/index.php?rest_route=\/wp\/v2\/types\/post"}],"author":[{"embeddable":true,"href":"https:\/\/www.egemtv.com\/index.php?rest_route=\/wp\/v2\/users\/1"}],"replies":[{"embeddable":true,"href":"https:\/\/www.egemtv.com\/index.php?rest_route=%2Fwp%2Fv2%2Fcomments&post=91098"}],"version-history":[{"count":1,"href":"https:\/\/www.egemtv.com\/index.php?rest_route=\/wp\/v2\/posts\/91098\/revisions"}],"predecessor-version":[{"id":91100,"href":"https:\/\/www.egemtv.com\/index.php?rest_route=\/wp\/v2\/posts\/91098\/revisions\/91100"}],"wp:featuredmedia":[{"embeddable":true,"href":"https:\/\/www.egemtv.com\/index.php?rest_route=\/wp\/v2\/media\/91099"}],"wp:attachment":[{"href":"https:\/\/www.egemtv.com\/index.php?rest_route=%2Fwp%2Fv2%2Fmedia&parent=91098"}],"wp:term":[{"taxonomy":"category","embeddable":true,"href":"https:\/\/www.egemtv.com\/index.php?rest_route=%2Fwp%2Fv2%2Fcategories&post=91098"},{"taxonomy":"post_tag","embeddable":true,"href":"https:\/\/www.egemtv.com\/index.php?rest_route=%2Fwp%2Fv2%2Ftags&post=91098"}],"curies":[{"name":"wp","href":"https:\/\/api.w.org\/{rel}","templated":true}]}}