{"id":91095,"date":"2026-02-28T16:14:50","date_gmt":"2026-02-28T13:14:50","guid":{"rendered":"https:\/\/www.egemtv.com\/?p=91095"},"modified":"2026-02-28T16:14:51","modified_gmt":"2026-02-28T13:14:51","slug":"sokede-yol-yenileme-hamlesi-basladi","status":"publish","type":"post","link":"https:\/\/www.egemtv.com\/?p=91095","title":{"rendered":"S\u00f6ke\u2019de Yol Yenileme Hamlesi Ba\u015flad\u0131"},"content":{"rendered":"<p>S\u00f6ke Belediyesi, kent genelinde planlanan yol yenileme \u00e7al\u0131\u015fmalar\u0131n\u0131 ba\u015flatt\u0131. S\u00f6ke Belediye Ba\u015fkan\u0131 Dr. Mustafa \u0130berya Ar\u0131kan\u2019\u0131n k\u0131sa s\u00fcre \u00f6nce m\u00fcjdesini verdi\u011fi \u00e7al\u0131\u015fmalar, Yenicami Mahallesi\u2019nde start ald\u0131.<\/p>\n<p>Ba\u015fkan Ar\u0131kan\u2019\u0131n \u00f6zellikle Pulluk\u00e7u Sokak ve \u00e7evresinde ba\u015flat\u0131laca\u011f\u0131n\u0131 duyurdu\u011fu yol yenileme hamlesi kapsam\u0131nda ilk etapta Yenicami Mahallesi Filinta, \u015eakir ve Akay Sokaklarda ekipler sahaya indi. S\u00f6ke Belediyesi Fen \u0130\u015fleri M\u00fcd\u00fcrl\u00fc\u011f\u00fc koordinasyonunda y\u00fcr\u00fct\u00fclen \u00e7al\u0131\u015fmalarda bir yandan mevcut yollar\u0131n \u00fcst kaplamas\u0131 s\u00f6k\u00fcl\u00fcrken, di\u011fer yandan altyap\u0131 hatlar\u0131n\u0131n yenilenmesi i\u00e7in ilgili kurumlarla e\u015f zamanl\u0131 \u00e7al\u0131\u015fma ger\u00e7ekle\u015ftiriliyor. Bu kapsamda Ayd\u0131n B\u00fcy\u00fck\u015fehir Belediyesi ve di\u011fer ilgili kurumlar taraf\u0131ndan b\u00f6lgede altyap\u0131 yenileme i\u015flemleri yap\u0131l\u0131yor. B\u00f6ylece \u00fcstyap\u0131 \u00e7al\u0131\u015fmalar\u0131 \u00f6ncesinde altyap\u0131n\u0131n da g\u00fc\u00e7lendirilmesi hedefleniyor. \u00d6te yandan, k\u0131sa s\u00fcre \u00f6nce \u00c7evre ve \u015eehircilik Bakanl\u0131\u011f\u0131 taraf\u0131ndan S\u00f6ke Belediyesi\u2019ne parke ta\u015f\u0131 hibesi sa\u011flanm\u0131\u015ft\u0131. Ba\u015fkan Ar\u0131kan da bu destekle birlikte kent genelinde yol yenileme \u00e7al\u0131\u015fmalar\u0131n\u0131n etap etap ba\u015flayaca\u011f\u0131n\u0131 a\u00e7\u0131klam\u0131\u015ft\u0131. S\u00f6ke Belediyesi Fen \u0130\u015fleri M\u00fcd\u00fcrl\u00fc\u011f\u00fc, \u00e7al\u0131\u015fmalar\u0131n planlanan program do\u011frultusunda t\u00fcm S\u00f6ke\u2019yi \u00f6zellikle \u00f6nemli arterleri kapsayaca\u011f\u0131n\u0131 belirterek, vatanda\u015flardan s\u00fcre\u00e7 boyunca g\u00f6sterilecek anlay\u0131\u015f i\u00e7in \u015fimdiden te\u015fekk\u00fcr etti.<br \/><\/p>\n","protected":false},"excerpt":{"rendered":"<p>S\u00f6ke Belediyesi, kent genelinde planlanan yol yenileme \u00e7al\u0131\u015fmalar\u0131n\u0131 ba\u015flatt\u0131. S\u00f6ke Belediye Ba\u015fkan\u0131 Dr. Mustafa \u0130berya Ar\u0131kan\u2019\u0131n k\u0131sa s\u00fcre \u00f6nce m\u00fcjdesini verdi\u011fi \u00e7al\u0131\u015fmalar, Yenicami Mahallesi\u2019nde start ald\u0131. Ba\u015fkan Ar\u0131kan\u2019\u0131n \u00f6zellikle Pulluk\u00e7u Sokak ve \u00e7evresinde ba\u015flat\u0131laca\u011f\u0131n\u0131 duyurdu\u011fu yol yenileme hamlesi kapsam\u0131nda ilk etapta Yenicami Mahallesi Filinta, \u015eakir ve Akay Sokaklarda ekipler sahaya indi. S\u00f6ke Belediyesi Fen \u0130\u015fleri&#8230;<\/p>\n","protected":false},"author":1,"featured_media":91096,"comment_status":"open","ping_status":"open","sticky":false,"template":"","format":"standard","meta":{"_crdt_document":"","footnotes":""},"categories":[1],"tags":[],"class_list":["post-91095","post","type-post","status-publish","format-standard","has-post-thumbnail","hentry","category-guncel"],"_links":{"self":[{"href":"https:\/\/www.egemtv.com\/index.php?rest_route=\/wp\/v2\/posts\/91095","targetHints":{"allow":["GET"]}}],"collection":[{"href":"https:\/\/www.egemtv.com\/index.php?rest_route=\/wp\/v2\/posts"}],"about":[{"href":"https:\/\/www.egemtv.com\/index.php?rest_route=\/wp\/v2\/types\/post"}],"author":[{"embeddable":true,"href":"https:\/\/www.egemtv.com\/index.php?rest_route=\/wp\/v2\/users\/1"}],"replies":[{"embeddable":true,"href":"https:\/\/www.egemtv.com\/index.php?rest_route=%2Fwp%2Fv2%2Fcomments&post=91095"}],"version-history":[{"count":1,"href":"https:\/\/www.egemtv.com\/index.php?rest_route=\/wp\/v2\/posts\/91095\/revisions"}],"predecessor-version":[{"id":91097,"href":"https:\/\/www.egemtv.com\/index.php?rest_route=\/wp\/v2\/posts\/91095\/revisions\/91097"}],"wp:featuredmedia":[{"embeddable":true,"href":"https:\/\/www.egemtv.com\/index.php?rest_route=\/wp\/v2\/media\/91096"}],"wp:attachment":[{"href":"https:\/\/www.egemtv.com\/index.php?rest_route=%2Fwp%2Fv2%2Fmedia&parent=91095"}],"wp:term":[{"taxonomy":"category","embeddable":true,"href":"https:\/\/www.egemtv.com\/index.php?rest_route=%2Fwp%2Fv2%2Fcategories&post=91095"},{"taxonomy":"post_tag","embeddable":true,"href":"https:\/\/www.egemtv.com\/index.php?rest_route=%2Fwp%2Fv2%2Ftags&post=91095"}],"curies":[{"name":"wp","href":"https:\/\/api.w.org\/{rel}","templated":true}]}}