{"id":91092,"date":"2026-02-28T16:14:49","date_gmt":"2026-02-28T13:14:49","guid":{"rendered":"https:\/\/www.egemtv.com\/?p=91092"},"modified":"2026-02-28T16:14:50","modified_gmt":"2026-02-28T13:14:50","slug":"didim-sanayisindeki-yangin-korkuttu","status":"publish","type":"post","link":"https:\/\/www.egemtv.com\/?p=91092","title":{"rendered":"Didim sanayisindeki yang\u0131n korkuttu"},"content":{"rendered":"<p>Ayd\u0131n\u2019\u0131n Didim il\u00e7esinde bulunan sanayi sitesindeki h\u0131rdavat malzemeleri satan i\u015fyerinde \u00e7\u0131kan yang\u0131n korkuttu.<br \/>\n<br \/>Yang\u0131n, Didim il\u00e7esi Didim K\u00fc\u00e7\u00fck Sanayi sitesi i\u00e7erisinde yer alan bir i\u015fyerinde meydana geldi. Edinilen bilgiye g\u00f6re, i\u015f yerindeki bir \u00e7al\u0131\u015fan\u0131n \u0131s\u0131nmak i\u00e7in bidonda ate\u015f yakmas\u0131 sonucunda bir anda ortal\u0131k alevler i\u00e7erisinde kald\u0131. \u0130\u015fyerindeki yan\u0131c\u0131 malzemelerin alev almas\u0131 neticesinde \u00e7\u0131kan yang\u0131nda alevler t\u00fcm d\u00fckkan\u0131 sard\u0131. B\u00f6lgeye Ayd\u0131n B\u00fcy\u00fck\u015fehir Belediyesine ba\u011fl\u0131 Didim \u0130tfaiye amirli\u011fi ekipleri sevk edildi. Didim Belediyesi de b\u00f6lgeye su takviyesi i\u00e7in aras\u00f6z g\u00f6nderirken, i\u015fyerine ait i\u015f makineleri de yang\u0131n\u0131n kontrol alt\u0131na al\u0131nmas\u0131 i\u00e7in \u00e7al\u0131\u015fma yapt\u0131. Didim Belediye Ba\u015fkan\u0131 Hatice Gen\u00e7ay\u2019da olay yerine gelerek i\u015fyeri sahiplerinden bilgi ald\u0131, \u2019ge\u00e7mi\u015f olsun\u2019 dileklerinde bulundu. Yang\u0131n dolay\u0131s\u0131yla g\u00f6k y\u00fcz\u00fcn\u00fc duman kaplarken, itfaiye ekiplerinin saatler s\u00fcren \u00e7al\u0131\u015fmas\u0131 neticesinde yang\u0131n kontrol alt\u0131na al\u0131nd\u0131. B\u00f6lgede so\u011futma \u00e7al\u0131\u015fmalar\u0131 s\u00fcr\u00fcyor. Yang\u0131nda can kayb\u0131 olmazken maddi hasar\u0131n b\u00fcy\u00fck oldu\u011fu \u00f6\u011frenildi.<br \/><\/p>\n","protected":false},"excerpt":{"rendered":"<p>Ayd\u0131n\u2019\u0131n Didim il\u00e7esinde bulunan sanayi sitesindeki h\u0131rdavat malzemeleri satan i\u015fyerinde \u00e7\u0131kan yang\u0131n korkuttu. Yang\u0131n, Didim il\u00e7esi Didim K\u00fc\u00e7\u00fck Sanayi sitesi i\u00e7erisinde yer alan bir i\u015fyerinde meydana geldi. Edinilen bilgiye g\u00f6re, i\u015f yerindeki bir \u00e7al\u0131\u015fan\u0131n \u0131s\u0131nmak i\u00e7in bidonda ate\u015f yakmas\u0131 sonucunda bir anda ortal\u0131k alevler i\u00e7erisinde kald\u0131. \u0130\u015fyerindeki yan\u0131c\u0131 malzemelerin alev almas\u0131 neticesinde \u00e7\u0131kan yang\u0131nda alevler&#8230;<\/p>\n","protected":false},"author":1,"featured_media":91093,"comment_status":"open","ping_status":"open","sticky":false,"template":"","format":"standard","meta":{"_crdt_document":"","footnotes":""},"categories":[5],"tags":[],"class_list":["post-91092","post","type-post","status-publish","format-standard","has-post-thumbnail","hentry","category-asayis"],"_links":{"self":[{"href":"https:\/\/www.egemtv.com\/index.php?rest_route=\/wp\/v2\/posts\/91092","targetHints":{"allow":["GET"]}}],"collection":[{"href":"https:\/\/www.egemtv.com\/index.php?rest_route=\/wp\/v2\/posts"}],"about":[{"href":"https:\/\/www.egemtv.com\/index.php?rest_route=\/wp\/v2\/types\/post"}],"author":[{"embeddable":true,"href":"https:\/\/www.egemtv.com\/index.php?rest_route=\/wp\/v2\/users\/1"}],"replies":[{"embeddable":true,"href":"https:\/\/www.egemtv.com\/index.php?rest_route=%2Fwp%2Fv2%2Fcomments&post=91092"}],"version-history":[{"count":1,"href":"https:\/\/www.egemtv.com\/index.php?rest_route=\/wp\/v2\/posts\/91092\/revisions"}],"predecessor-version":[{"id":91094,"href":"https:\/\/www.egemtv.com\/index.php?rest_route=\/wp\/v2\/posts\/91092\/revisions\/91094"}],"wp:featuredmedia":[{"embeddable":true,"href":"https:\/\/www.egemtv.com\/index.php?rest_route=\/wp\/v2\/media\/91093"}],"wp:attachment":[{"href":"https:\/\/www.egemtv.com\/index.php?rest_route=%2Fwp%2Fv2%2Fmedia&parent=91092"}],"wp:term":[{"taxonomy":"category","embeddable":true,"href":"https:\/\/www.egemtv.com\/index.php?rest_route=%2Fwp%2Fv2%2Fcategories&post=91092"},{"taxonomy":"post_tag","embeddable":true,"href":"https:\/\/www.egemtv.com\/index.php?rest_route=%2Fwp%2Fv2%2Ftags&post=91092"}],"curies":[{"name":"wp","href":"https:\/\/api.w.org\/{rel}","templated":true}]}}