{"id":91089,"date":"2026-02-28T15:57:50","date_gmt":"2026-02-28T12:57:50","guid":{"rendered":"https:\/\/www.egemtv.com\/?p=91089"},"modified":"2026-02-28T15:57:51","modified_gmt":"2026-02-28T12:57:51","slug":"28-subatin-yil-donumunde-ak-parti-usak-il-baskanligindan-81-ilde-eszamanli-aciklama","status":"publish","type":"post","link":"https:\/\/www.egemtv.com\/?p=91089","title":{"rendered":"28 \u015eubat\u2019\u0131n y\u0131l d\u00f6n\u00fcm\u00fcnde AK Parti U\u015fak \u0130l Ba\u015fkanl\u0131\u011f\u0131\u2019ndan 81 ilde e\u015fzamanl\u0131 a\u00e7\u0131klama"},"content":{"rendered":"<p>AK Parti U\u015fak \u0130l Ba\u015fkan Yard\u0131mc\u0131s\u0131 Aykut Eryan\u0131k, 28 \u015eubat post-modern darbesinin 29. y\u0131l d\u00f6n\u00fcm\u00fc nedeniyle parti binas\u0131nda d\u00fczenlenen bas\u0131n toplant\u0131s\u0131nda a\u00e7\u0131klamalarda bulundu.<br \/>\n<br \/>AK Parti U\u015fak \u0130l Ba\u015fkanl\u0131\u011f\u0131, 28 \u015eubat post-modern darbesinin 29. y\u0131l d\u00f6n\u00fcm\u00fc nedeniyle parti binas\u0131nda bir bas\u0131n toplant\u0131s\u0131 ger\u00e7ekle\u015ftirildi. Toplant\u0131ya AK Parti U\u015fak Milletvekili \u0130smail G\u00fcne\u015f, AK Parti U\u015fak \u0130l Ba\u015fkan Yard\u0131mc\u0131s\u0131 Aykut Eryan\u0131k, AK Parti U\u015fak Kad\u0131n Kollar\u0131 Ba\u015fkan\u0131 Hilal Sabanc\u0131, AK Parti U\u015fak Merkez \u0130l\u00e7e Ba\u015fkan\u0131 Mehmet Bitik ve partililer kat\u0131ld\u0131.<br \/>\n<br \/>Burada a\u00e7\u0131klamalarda bulunan \u0130l Ba\u015fka Yard\u0131mc\u0131s\u0131 Eryan\u0131k; &#8220;Millet iradesine kar\u015f\u0131 tanklar y\u00fcr\u00fct\u00fclm\u00fc\u015f, se\u00e7ilmi\u015f T\u00fcrkiye Cumhuriyeti H\u00fck\u00fcmeti g\u00f6revden el \u00e7ektirilmi\u015f, ba\u015fta ba\u015f\u00f6rt\u00fcl\u00fc kad\u0131nlar olmak \u00fczere bu \u00fclkenin m\u00fctedeyyin kesimlerine y\u00f6nelik b\u00fcy\u00fck bir zul\u00fcm dalgas\u0131 ba\u015flat\u0131lm\u0131\u015ft\u0131r. Bu \u00fclkenin vatanda\u015flar\u0131 kendi \u00fclkesinin kurumlar\u0131na s\u0131rf dini hassasiyetlerinden \u00f6t\u00fcr\u00fc sokulmamaya \u00e7al\u0131\u015f\u0131lm\u0131\u015ft\u0131r.&#8221; dedi.<br \/>\n<br \/>28 \u015eubat zihniyetinin hala potansiyel bir tehdit olu\u015fturdu\u011funu vurgulayan Eryan\u0131k; &#8220;AK Parti olarak 28 \u015eubat ve benzeri t\u00fcm darbeci ve vesayet\u00e7i giri\u015fimlerin kar\u015f\u0131s\u0131nda oldu\u011fumuzu burada bir kez daha ilan ediyoruz. \u0130ktidar\u0131m\u0131z d\u00f6neminde att\u0131\u011f\u0131m\u0131z ad\u0131mlarla vesayet odaklar\u0131n\u0131 teker teker \u00e7\u00f6kerttik. Milli iradeyi bu s\u00fcre\u00e7te yeniden in\u015fa ederek \u00fclkemizi ve milletimizi hak etti\u011fi demokrasi standard\u0131yla bulu\u015fturduk. Ancak son zamanlarda yine ba\u015f\u00f6rt\u00fcs\u00fc ve Anadolu\u2019muzun yerel k\u0131yafetlerine y\u00f6nelik \u00e7irkin tavr\u0131 g\u00f6rd\u00fck\u00e7e 28 \u015eubat zihniyetinin her an hortlayabilece\u011fini bir kez daha idrak ediyoruz.&#8221; dedi.<br \/>\n<br \/>Darbeci zihniyet kar\u015f\u0131s\u0131nda AK Parti\u2019nin kararl\u0131l\u0131\u011f\u0131n\u0131 vurgulayan Eryan\u0131k; &#8220;Bizler AK Parti olarak, Cumhurba\u015fkan\u0131m\u0131z ve Genel Ba\u015fkan\u0131m\u0131z Recep Tayyip Erdo\u011fan\u2019\u0131n liderli\u011finde \u00fclkemize hizmet etme kararl\u0131l\u0131\u011f\u0131m\u0131z\u0131 ve darbeci zihniyet kar\u015f\u0131s\u0131nda dimdik durma irademizi y\u0131lmadan s\u00fcrd\u00fcrece\u011fiz. Demokrasi tarihimizde bir daha asla 28 \u015eubat benzeri s\u00fcre\u00e7lerle kar\u015f\u0131la\u015fmamak i\u00e7in milli irade anlay\u0131\u015f\u0131n\u0131 daima diri tutmaya devam edece\u011fiz.&#8221; ifadelerini kulland\u0131.<br \/><\/p>\n","protected":false},"excerpt":{"rendered":"<p>AK Parti U\u015fak \u0130l Ba\u015fkan Yard\u0131mc\u0131s\u0131 Aykut Eryan\u0131k, 28 \u015eubat post-modern darbesinin 29. y\u0131l d\u00f6n\u00fcm\u00fc nedeniyle parti binas\u0131nda d\u00fczenlenen bas\u0131n toplant\u0131s\u0131nda a\u00e7\u0131klamalarda bulundu. AK Parti U\u015fak \u0130l Ba\u015fkanl\u0131\u011f\u0131, 28 \u015eubat post-modern darbesinin 29. y\u0131l d\u00f6n\u00fcm\u00fc nedeniyle parti binas\u0131nda bir bas\u0131n toplant\u0131s\u0131 ger\u00e7ekle\u015ftirildi. Toplant\u0131ya AK Parti U\u015fak Milletvekili \u0130smail G\u00fcne\u015f, AK Parti U\u015fak \u0130l Ba\u015fkan Yard\u0131mc\u0131s\u0131&#8230;<\/p>\n","protected":false},"author":1,"featured_media":91090,"comment_status":"open","ping_status":"open","sticky":false,"template":"","format":"standard","meta":{"_crdt_document":"","footnotes":""},"categories":[127],"tags":[],"class_list":["post-91089","post","type-post","status-publish","format-standard","has-post-thumbnail","hentry","category-siyaset"],"_links":{"self":[{"href":"https:\/\/www.egemtv.com\/index.php?rest_route=\/wp\/v2\/posts\/91089","targetHints":{"allow":["GET"]}}],"collection":[{"href":"https:\/\/www.egemtv.com\/index.php?rest_route=\/wp\/v2\/posts"}],"about":[{"href":"https:\/\/www.egemtv.com\/index.php?rest_route=\/wp\/v2\/types\/post"}],"author":[{"embeddable":true,"href":"https:\/\/www.egemtv.com\/index.php?rest_route=\/wp\/v2\/users\/1"}],"replies":[{"embeddable":true,"href":"https:\/\/www.egemtv.com\/index.php?rest_route=%2Fwp%2Fv2%2Fcomments&post=91089"}],"version-history":[{"count":1,"href":"https:\/\/www.egemtv.com\/index.php?rest_route=\/wp\/v2\/posts\/91089\/revisions"}],"predecessor-version":[{"id":91091,"href":"https:\/\/www.egemtv.com\/index.php?rest_route=\/wp\/v2\/posts\/91089\/revisions\/91091"}],"wp:featuredmedia":[{"embeddable":true,"href":"https:\/\/www.egemtv.com\/index.php?rest_route=\/wp\/v2\/media\/91090"}],"wp:attachment":[{"href":"https:\/\/www.egemtv.com\/index.php?rest_route=%2Fwp%2Fv2%2Fmedia&parent=91089"}],"wp:term":[{"taxonomy":"category","embeddable":true,"href":"https:\/\/www.egemtv.com\/index.php?rest_route=%2Fwp%2Fv2%2Fcategories&post=91089"},{"taxonomy":"post_tag","embeddable":true,"href":"https:\/\/www.egemtv.com\/index.php?rest_route=%2Fwp%2Fv2%2Ftags&post=91089"}],"curies":[{"name":"wp","href":"https:\/\/api.w.org\/{rel}","templated":true}]}}