{"id":91086,"date":"2026-02-28T15:57:49","date_gmt":"2026-02-28T12:57:49","guid":{"rendered":"https:\/\/www.egemtv.com\/?p=91086"},"modified":"2026-02-28T15:57:50","modified_gmt":"2026-02-28T12:57:50","slug":"ak-parti-denizli-il-baskan-yardimcisi-inanc-28-subat-zihniyetine-karsi-milli-iradeyi-diri-tutacagiz","status":"publish","type":"post","link":"https:\/\/www.egemtv.com\/?p=91086","title":{"rendered":"AK Parti Denizli \u0130l Ba\u015fkan Yard\u0131mc\u0131s\u0131 \u0130nan\u00e7, &#8220;28 \u015eubat zihniyetine kar\u015f\u0131 milli iradeyi diri tutaca\u011f\u0131z&#8221;"},"content":{"rendered":"<p>AK Parti Denizli \u0130l Ba\u015fkan Yard\u0131mc\u0131s\u0131 ve \u0130nsan Haklar\u0131 Ba\u015fkan\u0131 Rasim \u0130nan\u00e7, 28 \u015eubat\u2019\u0131n 29. y\u0131l d\u00f6n\u00fcm\u00fcnde yapt\u0131\u011f\u0131 a\u00e7\u0131klamada darbe ve vesayet\u00e7i anlay\u0131\u015f\u0131 k\u0131nayarak, &#8220;Milli irade anlay\u0131\u015f\u0131m\u0131z\u0131 daima diri tutaca\u011f\u0131z&#8221; dedi.<br \/>\n<br \/>Adalet ve Kalk\u0131nma Partisi (AK Parti) Denizli \u0130l Ba\u015fkan Yard\u0131mc\u0131s\u0131 ve \u0130nsan Haklar\u0131 Ba\u015fkan\u0131 Rasim \u0130nan\u00e7, 28 \u015eubat s\u00fcrecinin 29. y\u0131l d\u00f6n\u00fcm\u00fcnde yapt\u0131\u011f\u0131 a\u00e7\u0131klamada darbe ve darbeci zihniyeti k\u0131nad\u0131. \u0130nan\u00e7, milli iradeye sahip \u00e7\u0131kmaya devam edeceklerini vurgulad\u0131.<br \/>\n<br \/>\u0130nan\u00e7, a\u00e7\u0131klamas\u0131nda 28 \u015eubat\u2019\u0131n demokrasi tarihine kara bir leke olarak ge\u00e7ti\u011fini belirterek, &#8220;Ama\u00e7lar\u0131 itibar\u0131yla 27 May\u0131s neyse, 12 Eyl\u00fcl neyse, 27 Nisan neyse, 15 Temmuz neyse 28 \u015eubat da ayn\u0131 \u015fekilde bir darbedir. Hatta siyasetin yan\u0131 s\u0131ra topluma y\u00f6nelik indirilmi\u015f a\u011f\u0131r bir darbeden bahsediyoruz. Sonu\u00e7lar\u0131n\u0131n nesillerce s\u00fcrmesi ama\u00e7lanan, hesapl\u0131 bir \u015fekilde kurgulanm\u0131\u015f bir darbedir&#8221; ifadelerini kulland\u0131.<br \/>\n<br \/>28 \u015eubat s\u00fcrecinde milli ve manevi de\u011ferlere y\u00f6nelik bask\u0131lar\u0131n artt\u0131\u011f\u0131n\u0131 dile getiren \u0130nan\u00e7, millet iradesine kar\u015f\u0131 tanklar\u0131n y\u00fcr\u00fct\u00fcld\u00fc\u011f\u00fcn\u00fc ve se\u00e7ilmi\u015f h\u00fck\u00fcmetin g\u00f6revden el \u00e7ektirildi\u011fini s\u00f6yledi. Ba\u015fta ba\u015f\u00f6rt\u00fcl\u00fc kad\u0131nlar olmak \u00fczere dindar kesimlere y\u00f6nelik b\u00fcy\u00fck ma\u011fduriyetler ya\u015fand\u0131\u011f\u0131n\u0131 belirten \u0130nan\u00e7, vatanda\u015flar\u0131n dini hassasiyetleri nedeniyle kamu kurumlar\u0131ndan d\u0131\u015flanmaya \u00e7al\u0131\u015f\u0131ld\u0131\u011f\u0131n\u0131 ifade etti.<br \/>\n<br \/>AK Parti olarak darbeci ve vesayet\u00e7i t\u00fcm giri\u015fimlerin kar\u015f\u0131s\u0131nda olduklar\u0131n\u0131 vurgulayan \u0130nan\u00e7, &#8220;\u0130ktidar\u0131m\u0131z d\u00f6neminde att\u0131\u011f\u0131m\u0131z ad\u0131mlarla vesayet odaklar\u0131n\u0131 teker teker \u00e7\u00f6kerttik. Milli iradeyi yeniden in\u015fa ederek \u00fclkemizi hak etti\u011fi demokrasi standard\u0131yla bulu\u015fturduk. Ancak son d\u00f6nemde ba\u015f\u00f6rt\u00fcs\u00fc ve Anadolu\u2019nun yerel k\u0131yafetlerine y\u00f6nelik \u00e7irkin tav\u0131rlar, 28 \u015eubat zihniyetinin her an hortlayabilece\u011fini g\u00f6stermektedir&#8221; dedi.<br \/>\n<br \/>Baz\u0131 \u00e7evrelerin demokratikle\u015fme ad\u0131mlar\u0131na ra\u011fmen eski anlay\u0131\u015f\u0131 s\u00fcrd\u00fcrd\u00fc\u011f\u00fcn\u00fc savunan \u0130nan\u00e7, sand\u0131\u011f\u0131n ve sivil iradenin \u00f6nemine dikkat \u00e7ekti. \u0130nan\u00e7, &#8220;Bu zihniyetle m\u00fccadele biz AK Parti i\u00e7in bir demokrasi m\u00fccadelesidir; bir hak m\u00fccadelesidir; b\u00fcy\u00fck T\u00fcrkiye m\u00fccadelesidir&#8221; ifadelerini kulland\u0131.<br \/>\n<br \/>A\u00e7\u0131klamas\u0131n\u0131n sonunda Recep Tayyip Erdo\u011fan\u2019\u0131n liderli\u011finde hizmet etmeye devam edeceklerini belirten \u0130nan\u00e7, &#8220;Darbeci zihniyet kar\u015f\u0131s\u0131nda dimdik durma irademizi s\u00fcrd\u00fcrece\u011fiz. Demokrasi tarihimizde bir daha asla 28 \u015eubat benzeri s\u00fcre\u00e7lerle kar\u015f\u0131la\u015fmamak i\u00e7in milli irade anlay\u0131\u015f\u0131n\u0131 daima diri tutaca\u011f\u0131z&#8221; dedi.<br \/><\/p>\n","protected":false},"excerpt":{"rendered":"<p>AK Parti Denizli \u0130l Ba\u015fkan Yard\u0131mc\u0131s\u0131 ve \u0130nsan Haklar\u0131 Ba\u015fkan\u0131 Rasim \u0130nan\u00e7, 28 \u015eubat\u2019\u0131n 29. y\u0131l d\u00f6n\u00fcm\u00fcnde yapt\u0131\u011f\u0131 a\u00e7\u0131klamada darbe ve vesayet\u00e7i anlay\u0131\u015f\u0131 k\u0131nayarak, &#8220;Milli irade anlay\u0131\u015f\u0131m\u0131z\u0131 daima diri tutaca\u011f\u0131z&#8221; dedi. Adalet ve Kalk\u0131nma Partisi (AK Parti) Denizli \u0130l Ba\u015fkan Yard\u0131mc\u0131s\u0131 ve \u0130nsan Haklar\u0131 Ba\u015fkan\u0131 Rasim \u0130nan\u00e7, 28 \u015eubat s\u00fcrecinin 29. y\u0131l d\u00f6n\u00fcm\u00fcnde yapt\u0131\u011f\u0131 a\u00e7\u0131klamada&#8230;<\/p>\n","protected":false},"author":1,"featured_media":91087,"comment_status":"open","ping_status":"open","sticky":false,"template":"","format":"standard","meta":{"_crdt_document":"","footnotes":""},"categories":[127],"tags":[],"class_list":["post-91086","post","type-post","status-publish","format-standard","has-post-thumbnail","hentry","category-siyaset"],"_links":{"self":[{"href":"https:\/\/www.egemtv.com\/index.php?rest_route=\/wp\/v2\/posts\/91086","targetHints":{"allow":["GET"]}}],"collection":[{"href":"https:\/\/www.egemtv.com\/index.php?rest_route=\/wp\/v2\/posts"}],"about":[{"href":"https:\/\/www.egemtv.com\/index.php?rest_route=\/wp\/v2\/types\/post"}],"author":[{"embeddable":true,"href":"https:\/\/www.egemtv.com\/index.php?rest_route=\/wp\/v2\/users\/1"}],"replies":[{"embeddable":true,"href":"https:\/\/www.egemtv.com\/index.php?rest_route=%2Fwp%2Fv2%2Fcomments&post=91086"}],"version-history":[{"count":1,"href":"https:\/\/www.egemtv.com\/index.php?rest_route=\/wp\/v2\/posts\/91086\/revisions"}],"predecessor-version":[{"id":91088,"href":"https:\/\/www.egemtv.com\/index.php?rest_route=\/wp\/v2\/posts\/91086\/revisions\/91088"}],"wp:featuredmedia":[{"embeddable":true,"href":"https:\/\/www.egemtv.com\/index.php?rest_route=\/wp\/v2\/media\/91087"}],"wp:attachment":[{"href":"https:\/\/www.egemtv.com\/index.php?rest_route=%2Fwp%2Fv2%2Fmedia&parent=91086"}],"wp:term":[{"taxonomy":"category","embeddable":true,"href":"https:\/\/www.egemtv.com\/index.php?rest_route=%2Fwp%2Fv2%2Fcategories&post=91086"},{"taxonomy":"post_tag","embeddable":true,"href":"https:\/\/www.egemtv.com\/index.php?rest_route=%2Fwp%2Fv2%2Ftags&post=91086"}],"curies":[{"name":"wp","href":"https:\/\/api.w.org\/{rel}","templated":true}]}}