{"id":91083,"date":"2026-02-28T15:57:48","date_gmt":"2026-02-28T12:57:48","guid":{"rendered":"https:\/\/www.egemtv.com\/?p=91083"},"modified":"2026-02-28T15:57:49","modified_gmt":"2026-02-28T12:57:49","slug":"nazillide-feci-yangin-iki-otomobil-saniyeler-icerisinde-kul-oldu","status":"publish","type":"post","link":"https:\/\/www.egemtv.com\/?p=91083","title":{"rendered":"Nazilli\u2019de feci yang\u0131n: \u0130ki otomobil saniyeler i\u00e7erisinde k\u00fcl oldu"},"content":{"rendered":"<p>Ayd\u0131n\u2019\u0131n Nazilli il\u00e7esinde park halindeki bir ara\u00e7ta \u00e7\u0131kan ve yan\u0131ndaki bir ba\u015fka otomobile s\u0131\u00e7rayan yang\u0131nda 2 ara\u00e7 k\u00fcle d\u00f6nd\u00fc.<br \/>\n<br \/>Olay, Nazilli il\u00e7esi Bozyurt Mahallesi Yukar\u0131 K\u00fcme Evleri mevkiinde meydana geldi. Edinilen bilgiye g\u00f6re sokak \u00fczerinde park halinde bulunan hafif ticari ara\u00e7ta hen\u00fcz bilinmeyen bir nedenle yang\u0131n \u00e7\u0131kt\u0131. K\u0131sa s\u00fcrede b\u00fcy\u00fcyen yang\u0131nda alevler yan\u0131nda bulunan ba\u015fka bir otomobile s\u0131\u00e7rad\u0131. \u0130ki ara\u00e7 da alev topuna d\u00f6nerken, vatanda\u015flar durumu 112 Acil \u00c7a\u011fr\u0131 Merkezi\u2019ne bildirdi. \u0130hbar \u00fczerine b\u00f6lgeye jandarma ve itfaiye ekipleri sevk edildi. K\u0131sa s\u00fcrede b\u00f6lgeye gelen ekipler, yang\u0131na m\u00fcdahale etti. Alevleri s\u00f6nd\u00fcrmek i\u00e7in itfaiye ekipleri yo\u011fun \u00e7aba sarf ederken, jandarma ekipleri de b\u00f6lgede g\u00fcvenlik \u00f6nlemi ald\u0131. Yang\u0131n\u0131n tamamen s\u00f6nd\u00fcr\u00fclmesinin ard\u0131ndan so\u011futma \u00e7al\u0131\u015fmalar\u0131 ger\u00e7ekle\u015ftirildi. Yang\u0131nda herhangi bir can kayb\u0131 ve yaralanma olay\u0131 olmazken, ara\u00e7lar tamamen kullan\u0131lamaz hale geldi. Yang\u0131n\u0131n \u00e7\u0131k\u0131\u015f nedeninin belirlenmesi i\u00e7in inceleme ba\u015flat\u0131ld\u0131.<br \/><\/p>\n","protected":false},"excerpt":{"rendered":"<p>Ayd\u0131n\u2019\u0131n Nazilli il\u00e7esinde park halindeki bir ara\u00e7ta \u00e7\u0131kan ve yan\u0131ndaki bir ba\u015fka otomobile s\u0131\u00e7rayan yang\u0131nda 2 ara\u00e7 k\u00fcle d\u00f6nd\u00fc. Olay, Nazilli il\u00e7esi Bozyurt Mahallesi Yukar\u0131 K\u00fcme Evleri mevkiinde meydana geldi. Edinilen bilgiye g\u00f6re sokak \u00fczerinde park halinde bulunan hafif ticari ara\u00e7ta hen\u00fcz bilinmeyen bir nedenle yang\u0131n \u00e7\u0131kt\u0131. K\u0131sa s\u00fcrede b\u00fcy\u00fcyen yang\u0131nda alevler yan\u0131nda bulunan ba\u015fka&#8230;<\/p>\n","protected":false},"author":1,"featured_media":91084,"comment_status":"open","ping_status":"open","sticky":false,"template":"","format":"standard","meta":{"_crdt_document":"","footnotes":""},"categories":[5],"tags":[],"class_list":["post-91083","post","type-post","status-publish","format-standard","has-post-thumbnail","hentry","category-asayis"],"_links":{"self":[{"href":"https:\/\/www.egemtv.com\/index.php?rest_route=\/wp\/v2\/posts\/91083","targetHints":{"allow":["GET"]}}],"collection":[{"href":"https:\/\/www.egemtv.com\/index.php?rest_route=\/wp\/v2\/posts"}],"about":[{"href":"https:\/\/www.egemtv.com\/index.php?rest_route=\/wp\/v2\/types\/post"}],"author":[{"embeddable":true,"href":"https:\/\/www.egemtv.com\/index.php?rest_route=\/wp\/v2\/users\/1"}],"replies":[{"embeddable":true,"href":"https:\/\/www.egemtv.com\/index.php?rest_route=%2Fwp%2Fv2%2Fcomments&post=91083"}],"version-history":[{"count":1,"href":"https:\/\/www.egemtv.com\/index.php?rest_route=\/wp\/v2\/posts\/91083\/revisions"}],"predecessor-version":[{"id":91085,"href":"https:\/\/www.egemtv.com\/index.php?rest_route=\/wp\/v2\/posts\/91083\/revisions\/91085"}],"wp:featuredmedia":[{"embeddable":true,"href":"https:\/\/www.egemtv.com\/index.php?rest_route=\/wp\/v2\/media\/91084"}],"wp:attachment":[{"href":"https:\/\/www.egemtv.com\/index.php?rest_route=%2Fwp%2Fv2%2Fmedia&parent=91083"}],"wp:term":[{"taxonomy":"category","embeddable":true,"href":"https:\/\/www.egemtv.com\/index.php?rest_route=%2Fwp%2Fv2%2Fcategories&post=91083"},{"taxonomy":"post_tag","embeddable":true,"href":"https:\/\/www.egemtv.com\/index.php?rest_route=%2Fwp%2Fv2%2Ftags&post=91083"}],"curies":[{"name":"wp","href":"https:\/\/api.w.org\/{rel}","templated":true}]}}