{"id":91080,"date":"2026-02-28T15:57:46","date_gmt":"2026-02-28T12:57:46","guid":{"rendered":"https:\/\/www.egemtv.com\/?p=91080"},"modified":"2026-02-28T15:57:48","modified_gmt":"2026-02-28T12:57:48","slug":"tirede-hatali-sollama-yapan-otomobil-kamyona-carpti","status":"publish","type":"post","link":"https:\/\/www.egemtv.com\/?p=91080","title":{"rendered":"Tire\u2019de hatal\u0131 sollama yapan otomobil kamyona \u00e7arpt\u0131"},"content":{"rendered":"<p>\u0130zmir\u2019in Tire il\u00e7esinde hatal\u0131 sollama yapt\u0131\u011f\u0131 iddia edilen otomobilin kar\u015f\u0131 y\u00f6nden gelen kamyona \u00e7arpmas\u0131 sonucu bir ki\u015fi yaraland\u0131.<br \/>\n<br \/>Kaza, saat 13.30 s\u0131ralar\u0131nda Torbal\u0131-Tire yolu \u00fczeri Akkoyunlu Mahallesi mevkiinde meydana geldi. Torbal\u0131\u2019dan Tire y\u00f6n\u00fcne seyir halinde olan, plakas\u0131 ve s\u00fcr\u00fcc\u00fcs\u00fc hen\u00fcz \u00f6\u011frenilemeyen beyaz renkli otomobil iddiaya g\u00f6re hatal\u0131 sollama yapt\u0131. Kar\u015f\u0131 \u015feritten gelen kamyona \u00e7arpan otomobil, \u00e7arpman\u0131n \u015fiddetiyle yol kenar\u0131ndaki tarlaya savruldu. \u0130hbar \u00fczerine olay yerine gelen sa\u011fl\u0131k ekipleri taraf\u0131ndan ilk m\u00fcdahalesi yap\u0131lan otomobil s\u00fcr\u00fcc\u00fcs\u00fc ambulansla hastaneye kald\u0131rd\u0131.<br \/>\n<br \/>\u00d6te yandan, ya\u015fanan kaza, yoldan ge\u00e7en ba\u015fka bir arac\u0131n kameras\u0131na yans\u0131d\u0131. G\u00f6r\u00fcnt\u00fclerde otomobilin kamyona \u00e7arpmas\u0131, kendi etraf\u0131nda d\u00f6nmesi ve ard\u0131ndan tarlaya savrulmas\u0131 yer ald\u0131.<br \/><\/p>\n","protected":false},"excerpt":{"rendered":"<p>\u0130zmir\u2019in Tire il\u00e7esinde hatal\u0131 sollama yapt\u0131\u011f\u0131 iddia edilen otomobilin kar\u015f\u0131 y\u00f6nden gelen kamyona \u00e7arpmas\u0131 sonucu bir ki\u015fi yaraland\u0131. Kaza, saat 13.30 s\u0131ralar\u0131nda Torbal\u0131-Tire yolu \u00fczeri Akkoyunlu Mahallesi mevkiinde meydana geldi. Torbal\u0131\u2019dan Tire y\u00f6n\u00fcne seyir halinde olan, plakas\u0131 ve s\u00fcr\u00fcc\u00fcs\u00fc hen\u00fcz \u00f6\u011frenilemeyen beyaz renkli otomobil iddiaya g\u00f6re hatal\u0131 sollama yapt\u0131. Kar\u015f\u0131 \u015feritten gelen kamyona \u00e7arpan otomobil,&#8230;<\/p>\n","protected":false},"author":1,"featured_media":91081,"comment_status":"open","ping_status":"open","sticky":false,"template":"","format":"standard","meta":{"_crdt_document":"","footnotes":""},"categories":[5],"tags":[],"class_list":["post-91080","post","type-post","status-publish","format-standard","has-post-thumbnail","hentry","category-asayis"],"_links":{"self":[{"href":"https:\/\/www.egemtv.com\/index.php?rest_route=\/wp\/v2\/posts\/91080","targetHints":{"allow":["GET"]}}],"collection":[{"href":"https:\/\/www.egemtv.com\/index.php?rest_route=\/wp\/v2\/posts"}],"about":[{"href":"https:\/\/www.egemtv.com\/index.php?rest_route=\/wp\/v2\/types\/post"}],"author":[{"embeddable":true,"href":"https:\/\/www.egemtv.com\/index.php?rest_route=\/wp\/v2\/users\/1"}],"replies":[{"embeddable":true,"href":"https:\/\/www.egemtv.com\/index.php?rest_route=%2Fwp%2Fv2%2Fcomments&post=91080"}],"version-history":[{"count":1,"href":"https:\/\/www.egemtv.com\/index.php?rest_route=\/wp\/v2\/posts\/91080\/revisions"}],"predecessor-version":[{"id":91082,"href":"https:\/\/www.egemtv.com\/index.php?rest_route=\/wp\/v2\/posts\/91080\/revisions\/91082"}],"wp:featuredmedia":[{"embeddable":true,"href":"https:\/\/www.egemtv.com\/index.php?rest_route=\/wp\/v2\/media\/91081"}],"wp:attachment":[{"href":"https:\/\/www.egemtv.com\/index.php?rest_route=%2Fwp%2Fv2%2Fmedia&parent=91080"}],"wp:term":[{"taxonomy":"category","embeddable":true,"href":"https:\/\/www.egemtv.com\/index.php?rest_route=%2Fwp%2Fv2%2Fcategories&post=91080"},{"taxonomy":"post_tag","embeddable":true,"href":"https:\/\/www.egemtv.com\/index.php?rest_route=%2Fwp%2Fv2%2Ftags&post=91080"}],"curies":[{"name":"wp","href":"https:\/\/api.w.org\/{rel}","templated":true}]}}