{"id":91077,"date":"2026-02-28T15:57:45","date_gmt":"2026-02-28T12:57:45","guid":{"rendered":"https:\/\/www.egemtv.com\/?p=91077"},"modified":"2026-02-28T15:57:46","modified_gmt":"2026-02-28T12:57:46","slug":"minik-efeler-birincilik-icin-yaristi","status":"publish","type":"post","link":"https:\/\/www.egemtv.com\/?p=91077","title":{"rendered":"Minik efeler birincilik i\u00e7in yar\u0131\u015ft\u0131"},"content":{"rendered":"<p>Ayd\u0131n\u2019da d\u00fczenlenen halk oyunlar\u0131 yar\u0131\u015fmas\u0131nda sahneye \u00e7\u0131kan minik efeler, birincilik i\u00e7in performanslar\u0131n\u0131 sergilerken, S\u00f6ke Felak\u015fan F\u0131rat \u0130lkokulu folklor ekibi il birincisi oldu.<br \/>\n<br \/>Ayd\u0131n\u2019da Okul Sporlar\u0131 kapsam\u0131nda d\u00fczenlenen Halk Oyunlar\u0131 \u0130l Birincili\u011fi yar\u0131\u015fmas\u0131, miniklerin sahne performanslar\u0131yla renkli g\u00f6r\u00fcnt\u00fclere sahne oldu. Birincilik i\u00e7in sahneye \u00e7\u0131kan \u00f6\u011frenciler, sergiledikleri halk oyunlar\u0131 g\u00f6sterileriyle izleyenlerden b\u00fcy\u00fck alk\u0131\u015f ald\u0131. Yar\u0131\u015fma sonunda S\u00f6ke Felak\u015fan F\u0131rat \u0130lkokulu folklor ekibi il birincisi oldu. Ba\u015far\u0131lar\u0131yla dikkat \u00e7eken minik efeler, performanslar\u0131yla j\u00fcri \u00fcyelerinden tam not ald\u0131. \u015eampiyon olan \u00f6\u011frenciler tebrik edilirken, eme\u011fi ge\u00e7en \u00f6\u011fretmen ve idarecilere te\u015fekk\u00fcr edildi.<br \/><\/p>\n","protected":false},"excerpt":{"rendered":"<p>Ayd\u0131n\u2019da d\u00fczenlenen halk oyunlar\u0131 yar\u0131\u015fmas\u0131nda sahneye \u00e7\u0131kan minik efeler, birincilik i\u00e7in performanslar\u0131n\u0131 sergilerken, S\u00f6ke Felak\u015fan F\u0131rat \u0130lkokulu folklor ekibi il birincisi oldu. Ayd\u0131n\u2019da Okul Sporlar\u0131 kapsam\u0131nda d\u00fczenlenen Halk Oyunlar\u0131 \u0130l Birincili\u011fi yar\u0131\u015fmas\u0131, miniklerin sahne performanslar\u0131yla renkli g\u00f6r\u00fcnt\u00fclere sahne oldu. Birincilik i\u00e7in sahneye \u00e7\u0131kan \u00f6\u011frenciler, sergiledikleri halk oyunlar\u0131 g\u00f6sterileriyle izleyenlerden b\u00fcy\u00fck alk\u0131\u015f ald\u0131. Yar\u0131\u015fma sonunda S\u00f6ke&#8230;<\/p>\n","protected":false},"author":1,"featured_media":91078,"comment_status":"open","ping_status":"open","sticky":false,"template":"","format":"standard","meta":{"_crdt_document":"","footnotes":""},"categories":[1],"tags":[],"class_list":["post-91077","post","type-post","status-publish","format-standard","has-post-thumbnail","hentry","category-guncel"],"_links":{"self":[{"href":"https:\/\/www.egemtv.com\/index.php?rest_route=\/wp\/v2\/posts\/91077","targetHints":{"allow":["GET"]}}],"collection":[{"href":"https:\/\/www.egemtv.com\/index.php?rest_route=\/wp\/v2\/posts"}],"about":[{"href":"https:\/\/www.egemtv.com\/index.php?rest_route=\/wp\/v2\/types\/post"}],"author":[{"embeddable":true,"href":"https:\/\/www.egemtv.com\/index.php?rest_route=\/wp\/v2\/users\/1"}],"replies":[{"embeddable":true,"href":"https:\/\/www.egemtv.com\/index.php?rest_route=%2Fwp%2Fv2%2Fcomments&post=91077"}],"version-history":[{"count":1,"href":"https:\/\/www.egemtv.com\/index.php?rest_route=\/wp\/v2\/posts\/91077\/revisions"}],"predecessor-version":[{"id":91079,"href":"https:\/\/www.egemtv.com\/index.php?rest_route=\/wp\/v2\/posts\/91077\/revisions\/91079"}],"wp:featuredmedia":[{"embeddable":true,"href":"https:\/\/www.egemtv.com\/index.php?rest_route=\/wp\/v2\/media\/91078"}],"wp:attachment":[{"href":"https:\/\/www.egemtv.com\/index.php?rest_route=%2Fwp%2Fv2%2Fmedia&parent=91077"}],"wp:term":[{"taxonomy":"category","embeddable":true,"href":"https:\/\/www.egemtv.com\/index.php?rest_route=%2Fwp%2Fv2%2Fcategories&post=91077"},{"taxonomy":"post_tag","embeddable":true,"href":"https:\/\/www.egemtv.com\/index.php?rest_route=%2Fwp%2Fv2%2Ftags&post=91077"}],"curies":[{"name":"wp","href":"https:\/\/api.w.org\/{rel}","templated":true}]}}