{"id":91071,"date":"2026-02-28T14:55:41","date_gmt":"2026-02-28T11:55:41","guid":{"rendered":"https:\/\/www.egemtv.com\/?p=91071"},"modified":"2026-02-28T14:55:42","modified_gmt":"2026-02-28T11:55:42","slug":"salihlide-aileler-icin-cocuk-gelisimi-egitimi","status":"publish","type":"post","link":"https:\/\/www.egemtv.com\/?p=91071","title":{"rendered":"Salihli\u2019de aileler i\u00e7in \u00e7ocuk geli\u015fimi e\u011fitimi"},"content":{"rendered":"<p>Manisa\u2019n\u0131n Salihli il\u00e7esinde aile yap\u0131s\u0131n\u0131n g\u00fc\u00e7lendirilmesine y\u00f6nelik \u00e7al\u0131\u015fmalar kapsam\u0131nda y\u00fcr\u00fct\u00fclen Mod\u00fcler Aile E\u011fitim Program\u0131 devam ediyor.<br \/>\n<br \/>Salihli Sosyal Hizmet Merkezi\u2019nde g\u00f6revli Mod\u00fcler Aile E\u011fitim Program\u0131 e\u011fiticisi Sosyal \u00c7al\u0131\u015fmac\u0131 Kezban Ayd\u0131n taraf\u0131ndan d\u00fczenlenen e\u011fitim, Salihli Cumhuriyet Camii\u2019nde Kur\u2019an kursu kursiyerlerine y\u00f6nelik olarak ger\u00e7ekle\u015ftirildi. 9 hafta s\u00fcrecek program\u0131n ikinci oturumunda &#8220;Do\u011fum \u00d6ncesi D\u00f6nemden Ergenli\u011fe Geli\u015fim&#8221; mod\u00fcl\u00fc ele al\u0131nd\u0131. E\u011fitimde do\u011fum \u00f6ncesi d\u00f6nemden ba\u015flayarak bebeklik ve ilk \u00e7ocukluk d\u00f6nemine kadar \u00e7ocuklar\u0131n geli\u015fim s\u00fcre\u00e7leri detayl\u0131 \u015fekilde de\u011ferlendirildi.<br \/>\n<br \/>Kat\u0131l\u0131mc\u0131lara \u00e7ocuklar\u0131n fiziksel, duygusal ve sosyal geli\u015fim alanlar\u0131na ili\u015fkin kapsaml\u0131 bilgiler aktar\u0131ld\u0131. Ailelerin \u00e7ocuk geli\u015fim s\u00fcrecinde dikkat etmesi gereken hususlar \u00f6rneklerle anlat\u0131ld\u0131. Program, kursiyerlerin sorular\u0131n\u0131n cevapland\u0131r\u0131lmas\u0131n\u0131n ard\u0131ndan sona erdi.<br \/><\/p>\n","protected":false},"excerpt":{"rendered":"<p>Manisa\u2019n\u0131n Salihli il\u00e7esinde aile yap\u0131s\u0131n\u0131n g\u00fc\u00e7lendirilmesine y\u00f6nelik \u00e7al\u0131\u015fmalar kapsam\u0131nda y\u00fcr\u00fct\u00fclen Mod\u00fcler Aile E\u011fitim Program\u0131 devam ediyor. Salihli Sosyal Hizmet Merkezi\u2019nde g\u00f6revli Mod\u00fcler Aile E\u011fitim Program\u0131 e\u011fiticisi Sosyal \u00c7al\u0131\u015fmac\u0131 Kezban Ayd\u0131n taraf\u0131ndan d\u00fczenlenen e\u011fitim, Salihli Cumhuriyet Camii\u2019nde Kur\u2019an kursu kursiyerlerine y\u00f6nelik olarak ger\u00e7ekle\u015ftirildi. 9 hafta s\u00fcrecek program\u0131n ikinci oturumunda &#8220;Do\u011fum \u00d6ncesi D\u00f6nemden Ergenli\u011fe Geli\u015fim&#8221; mod\u00fcl\u00fc ele&#8230;<\/p>\n","protected":false},"author":1,"featured_media":91072,"comment_status":"open","ping_status":"open","sticky":false,"template":"","format":"standard","meta":{"_crdt_document":"","footnotes":""},"categories":[1],"tags":[],"class_list":["post-91071","post","type-post","status-publish","format-standard","has-post-thumbnail","hentry","category-guncel"],"_links":{"self":[{"href":"https:\/\/www.egemtv.com\/index.php?rest_route=\/wp\/v2\/posts\/91071","targetHints":{"allow":["GET"]}}],"collection":[{"href":"https:\/\/www.egemtv.com\/index.php?rest_route=\/wp\/v2\/posts"}],"about":[{"href":"https:\/\/www.egemtv.com\/index.php?rest_route=\/wp\/v2\/types\/post"}],"author":[{"embeddable":true,"href":"https:\/\/www.egemtv.com\/index.php?rest_route=\/wp\/v2\/users\/1"}],"replies":[{"embeddable":true,"href":"https:\/\/www.egemtv.com\/index.php?rest_route=%2Fwp%2Fv2%2Fcomments&post=91071"}],"version-history":[{"count":1,"href":"https:\/\/www.egemtv.com\/index.php?rest_route=\/wp\/v2\/posts\/91071\/revisions"}],"predecessor-version":[{"id":91073,"href":"https:\/\/www.egemtv.com\/index.php?rest_route=\/wp\/v2\/posts\/91071\/revisions\/91073"}],"wp:featuredmedia":[{"embeddable":true,"href":"https:\/\/www.egemtv.com\/index.php?rest_route=\/wp\/v2\/media\/91072"}],"wp:attachment":[{"href":"https:\/\/www.egemtv.com\/index.php?rest_route=%2Fwp%2Fv2%2Fmedia&parent=91071"}],"wp:term":[{"taxonomy":"category","embeddable":true,"href":"https:\/\/www.egemtv.com\/index.php?rest_route=%2Fwp%2Fv2%2Fcategories&post=91071"},{"taxonomy":"post_tag","embeddable":true,"href":"https:\/\/www.egemtv.com\/index.php?rest_route=%2Fwp%2Fv2%2Ftags&post=91071"}],"curies":[{"name":"wp","href":"https:\/\/api.w.org\/{rel}","templated":true}]}}