{"id":91068,"date":"2026-02-28T14:34:39","date_gmt":"2026-02-28T11:34:39","guid":{"rendered":"https:\/\/www.egemtv.com\/?p=91068"},"modified":"2026-02-28T14:34:40","modified_gmt":"2026-02-28T11:34:40","slug":"merkezefendi-belediyesi-genclik-ve-spor-kulubunde-sampiyona-heyecani-yasaniyor","status":"publish","type":"post","link":"https:\/\/www.egemtv.com\/?p=91068","title":{"rendered":"Merkezefendi Belediyesi Gen\u00e7lik ve Spor Kul\u00fcb\u00fc\u2019nde \u015fampiyona heyecan\u0131 ya\u015fan\u0131yor"},"content":{"rendered":"<p>Merkezefendi Belediyesi Gen\u00e7lik ve Spor Kul\u00fcb\u00fc altyap\u0131 tak\u0131mlar\u0131n\u0131n elde etti\u011fi ba\u015far\u0131larla ad\u0131ndan s\u00f6z ettirmeye devam ediyor. Sezon ba\u015f\u0131ndan bu yana disiplinli \u00e7al\u0131\u015fma program\u0131, planl\u0131 altyap\u0131 organizasyonu ve teknik ekibin \u00f6zverili gayretiyle \u00f6nemli bir \u00e7\u0131k\u0131\u015f yakalayan kul\u00fcp, hem k\u0131z hem erkek kategorilerinde \u015fampiyona heyecan\u0131 ya\u015f\u0131yor.<br \/>\n<br \/>Kul\u00fcp Ba\u015fkan\u0131 Veli Deveciler, Genel Menejer Evren Yenice,Ba\u015f Antren\u00f6r Zafer Akta\u015f, Altyap\u0131 Menejeri Ozan Gen\u00e7o\u011flu ve tak\u0131m kaptan\u0131 Mahir A\u011fva, antrenman sonras\u0131 sporcularla bir araya gelerek ba\u015far\u0131lar\u0131 kutlad\u0131. Ger\u00e7ekle\u015fen bulu\u015fmada hem sezon de\u011ferlendirmesi yap\u0131ld\u0131 hem de \u00f6n\u00fcm\u00fczdeki \u015fampiyonalar \u00f6ncesi motivasyon konu\u015fmalar\u0131 ger\u00e7ekle\u015ftirildi.<\/p>\n<p>U18 Erkekler Anadolu \u015eampiyonas\u0131 Yolcusu<br \/>\n<br \/>U18 Erkek Basketbol Tak\u0131m\u0131, B\u00f6lge \u015eampiyonas\u0131\u2019nda g\u00f6sterdi\u011fi \u00fcst\u00fcn performansla grubunu lider tamamlad\u0131. H\u00fccumdaki etkili oyun yap\u0131s\u0131 ve savunmadaki disiplinli duru\u015fuyla dikkat \u00e7eken tak\u0131m, kritik kar\u015f\u0131la\u015fmalarda ortaya koydu\u011fu m\u00fccadele g\u00fcc\u00fcyle Anadolu \u015eampiyonas\u0131 biletini ald\u0131.<br \/>\n<br \/>24-28 Mart tarihleri aras\u0131nda Sinop\u2019ta d\u00fczenlenecek Anadolu \u015eampiyonas\u0131\u2019nda m\u00fccadele edecek olan temsilcimiz, Denizli\u2019yi en iyi \u015fekilde temsil etmeyi hedefliyor. Teknik ekip, turnuva \u00f6ncesi haz\u0131rl\u0131k s\u00fcrecinde fiziksel dayan\u0131kl\u0131l\u0131k ve ma\u00e7 temposuna y\u00f6nelik \u00f6zel antrenman program\u0131 uyguluyor.<\/p>\n<p>U18 K\u0131zlar Anadolu \u015eampiyonas\u0131\u2019nda<br \/>\n<br \/>U18 K\u0131z Basketbol Tak\u0131m\u0131 da B\u00f6lge \u015eampiyonas\u0131\u2019nda g\u00f6sterdi\u011fi istikrarl\u0131 performansla Anadolu \u015eampiyonas\u0131\u2019na kat\u0131lma hakk\u0131 kazand\u0131. Tak\u0131m oyunu, h\u0131zl\u0131 h\u00fccum organizasyonlar\u0131 ve savunma direnciyle \u00f6ne \u00e7\u0131kan temsilcimiz, 24-28 Mart tarihleri aras\u0131nda U\u015fak\u2019ta d\u00fczenlenecek organizasyonda parkede olacak. Antren\u00f6r ekibi, \u00f6zellikle ge\u00e7i\u015f oyunlar\u0131 ve set h\u00fccumlar\u0131 \u00fczerine yo\u011funla\u015f\u0131rken, sporcular\u0131n mental haz\u0131rl\u0131\u011f\u0131na da ayr\u0131 \u00f6nem veriliyor. Tak\u0131m\u0131n hedefi, gruptan \u00e7\u0131karak \u00fcst turlara y\u00fckselmek.<\/p>\n<p>U16 K\u0131zlar Denizli \u015eampiyonu<br \/>\n<br \/>U16 K\u0131z Basketbol Tak\u0131m\u0131 ise sezon boyunca sergiledi\u011fi ba\u015far\u0131l\u0131 performans\u0131n kar\u015f\u0131l\u0131\u011f\u0131n\u0131 Denizli \u015fampiyonu olarak ald\u0131. Ligde oynad\u0131\u011f\u0131 ma\u00e7larda hem skor \u00fcretme hem de savunma disiplininde istikrarl\u0131 bir grafik \u00e7izen ekip, \u015fampiyonluk kupas\u0131n\u0131 kul\u00fcbe kazand\u0131rd\u0131.<br \/>\n<br \/>3-7 Mart tarihleri aras\u0131nda K\u00fctahya\u2019da d\u00fczenlenecek B\u00f6lge \u015eampiyonas\u0131\u2019nda m\u00fccadele edecek olan U16 K\u0131z Tak\u0131m\u0131, burada da iddial\u0131 bir performans sergilemeyi ama\u00e7l\u0131yor. Teknik ekip, gen\u00e7 sporcular\u0131n geli\u015fim odakl\u0131 ilerlemesini \u00f6n planda tutarak uzun vadeli ba\u015far\u0131y\u0131 hedefliyor.<br \/>\n<br \/>Ba\u015fkan Veli Deveciler: &#8220;Altyap\u0131m\u0131z G\u00fc\u00e7lenerek B\u00fcy\u00fcyor&#8221;<br \/>\n<br \/>Kul\u00fcp Ba\u015fkan\u0131 Veli Deveciler yapt\u0131\u011f\u0131 a\u00e7\u0131klamada altyap\u0131ya yap\u0131lan yat\u0131r\u0131mlar\u0131n kar\u015f\u0131l\u0131\u011f\u0131n\u0131 almaya ba\u015flad\u0131klar\u0131n\u0131 belirterek \u015funlar\u0131 s\u00f6yledi: &#8220;Gen\u00e7 sporcular\u0131m\u0131z\u0131n elde etti\u011fi bu ba\u015far\u0131lar bizleri gururland\u0131r\u0131yor. Biz sadece \u015fampiyonluk hedeflemiyoruz; ayn\u0131 zamanda ahlakl\u0131, disiplinli ve tak\u0131m ruhunu benimseyen bireyler yeti\u015ftirmeyi ama\u00e7l\u0131yoruz. Altyap\u0131m\u0131z g\u00fc\u00e7lenerek b\u00fcy\u00fcyor ve bu ba\u015far\u0131lar\u0131n artarak devam edece\u011fine inan\u0131yoruz&#8221; dedi.<br \/>\n<br \/>Altyap\u0131 Menejeri Ozan Gen\u00e7o\u011flu: &#8220;Bu Ba\u015far\u0131 Tesad\u00fcf De\u011fil&#8221;<br \/>\n<br \/>Altyap\u0131 Menejeri Ozan Gen\u00e7o\u011flu ise sistemli \u00e7al\u0131\u015fman\u0131n \u00f6nemine dikkat \u00e7ekerek, &#8220;Altyap\u0131m\u0131zda uzun vadeli bir planlama y\u00fcr\u00fct\u00fcyoruz. Sporcular\u0131m\u0131z\u0131 k\u00fc\u00e7\u00fck ya\u015flardan itibaren do\u011fru temel e\u011fitimle yeti\u015ftiriyoruz. Bu ba\u015far\u0131lar; antren\u00f6rlerimizin eme\u011fi, sporcular\u0131m\u0131z\u0131n disiplini ve ailelerimizin deste\u011fi sayesinde geldi. Anadolu ve B\u00f6lge \u015eampiyonalar\u0131nda da ayn\u0131 kararl\u0131l\u0131kla m\u00fccadele edece\u011fiz. Hedefimiz, Merkezefendi\u2019yi ve Denizli\u2019yi en iyi \u015fekilde temsil etmek&#8221; \u015feklinde konu\u015ftu.<br \/><\/p>\n","protected":false},"excerpt":{"rendered":"<p>Merkezefendi Belediyesi Gen\u00e7lik ve Spor Kul\u00fcb\u00fc altyap\u0131 tak\u0131mlar\u0131n\u0131n elde etti\u011fi ba\u015far\u0131larla ad\u0131ndan s\u00f6z ettirmeye devam ediyor. Sezon ba\u015f\u0131ndan bu yana disiplinli \u00e7al\u0131\u015fma program\u0131, planl\u0131 altyap\u0131 organizasyonu ve teknik ekibin \u00f6zverili gayretiyle \u00f6nemli bir \u00e7\u0131k\u0131\u015f yakalayan kul\u00fcp, hem k\u0131z hem erkek kategorilerinde \u015fampiyona heyecan\u0131 ya\u015f\u0131yor. Kul\u00fcp Ba\u015fkan\u0131 Veli Deveciler, Genel Menejer Evren Yenice,Ba\u015f Antren\u00f6r Zafer Akta\u015f,&#8230;<\/p>\n","protected":false},"author":1,"featured_media":91069,"comment_status":"open","ping_status":"open","sticky":false,"template":"","format":"standard","meta":{"_crdt_document":"","footnotes":""},"categories":[4],"tags":[],"class_list":["post-91068","post","type-post","status-publish","format-standard","has-post-thumbnail","hentry","category-spor"],"_links":{"self":[{"href":"https:\/\/www.egemtv.com\/index.php?rest_route=\/wp\/v2\/posts\/91068","targetHints":{"allow":["GET"]}}],"collection":[{"href":"https:\/\/www.egemtv.com\/index.php?rest_route=\/wp\/v2\/posts"}],"about":[{"href":"https:\/\/www.egemtv.com\/index.php?rest_route=\/wp\/v2\/types\/post"}],"author":[{"embeddable":true,"href":"https:\/\/www.egemtv.com\/index.php?rest_route=\/wp\/v2\/users\/1"}],"replies":[{"embeddable":true,"href":"https:\/\/www.egemtv.com\/index.php?rest_route=%2Fwp%2Fv2%2Fcomments&post=91068"}],"version-history":[{"count":1,"href":"https:\/\/www.egemtv.com\/index.php?rest_route=\/wp\/v2\/posts\/91068\/revisions"}],"predecessor-version":[{"id":91070,"href":"https:\/\/www.egemtv.com\/index.php?rest_route=\/wp\/v2\/posts\/91068\/revisions\/91070"}],"wp:featuredmedia":[{"embeddable":true,"href":"https:\/\/www.egemtv.com\/index.php?rest_route=\/wp\/v2\/media\/91069"}],"wp:attachment":[{"href":"https:\/\/www.egemtv.com\/index.php?rest_route=%2Fwp%2Fv2%2Fmedia&parent=91068"}],"wp:term":[{"taxonomy":"category","embeddable":true,"href":"https:\/\/www.egemtv.com\/index.php?rest_route=%2Fwp%2Fv2%2Fcategories&post=91068"},{"taxonomy":"post_tag","embeddable":true,"href":"https:\/\/www.egemtv.com\/index.php?rest_route=%2Fwp%2Fv2%2Ftags&post=91068"}],"curies":[{"name":"wp","href":"https:\/\/api.w.org\/{rel}","templated":true}]}}