{"id":91065,"date":"2026-02-28T14:16:13","date_gmt":"2026-02-28T11:16:13","guid":{"rendered":"https:\/\/www.egemtv.com\/?p=91065"},"modified":"2026-02-28T14:16:14","modified_gmt":"2026-02-28T11:16:14","slug":"koycegiz-veteran-kadin-voleybol-takimi-ikinci-oldu","status":"publish","type":"post","link":"https:\/\/www.egemtv.com\/?p=91065","title":{"rendered":"K\u00f6yce\u011fiz Veteran Kad\u0131n Voleybol Tak\u0131m\u0131 ikinci oldu"},"content":{"rendered":"<p>Mu\u011fla\u2019n\u0131n K\u00f6yce\u011fiz il\u00e7esinde Veteran Kad\u0131n Voleybol Tak\u0131m\u0131 Dat\u00e7a\u2019da d\u00fczenlenen voleybol turnuvas\u0131ndan ikincilik kazanma ba\u015far\u0131s\u0131n\u0131 g\u00f6sterdi.<\/p>\n<p>K\u00f6yce\u011fiz Kaymakaml\u0131\u011f\u0131 Veteran Kad\u0131n Voleybol Tak\u0131m\u0131 Dat\u00e7a\u2019da yap\u0131lan Veteran Voleybol Turnuvas\u0131 +30 ya\u015f kategorisinde ikinci olarak \u0130l\u00e7eye gurur ya\u015fatt\u0131. K\u00f6yce\u011fiz Kaymakaml\u0131\u011f\u0131 Veteran Kad\u0131n Voleybol Tak\u0131m\u0131 ikincilik ba\u015far\u0131s\u0131yla gelecek ad\u0131na umut vadetti. Dat\u00e7a\u2019da ger\u00e7ekle\u015ftirilen Veteran Voleybol Turnuvas\u0131 +30 ya\u015f kategorisinde 2. olan K\u00f6yce\u011fiz Kaymakaml\u0131\u011f\u0131 Veteran Kad\u0131n Voleybol Tak\u0131m\u0131, K\u00f6yce\u011fiz Kaymakam\u0131 Mert Kumcu\u2019yu ziyaret ederek kupalar\u0131n\u0131 takdim etti. K\u00f6yce\u011fiz Kaymakam\u0131 Mert Kumcu, g\u00f6stermi\u015f olduklar\u0131 \u00f6zveri ve ba\u015far\u0131dan dolay\u0131 Kad\u0131n Voleybol Tak\u0131m\u0131na te\u015fekk\u00fcr ederek sporcular\u0131 tebrik etti.<br \/><\/p>\n","protected":false},"excerpt":{"rendered":"<p>Mu\u011fla\u2019n\u0131n K\u00f6yce\u011fiz il\u00e7esinde Veteran Kad\u0131n Voleybol Tak\u0131m\u0131 Dat\u00e7a\u2019da d\u00fczenlenen voleybol turnuvas\u0131ndan ikincilik kazanma ba\u015far\u0131s\u0131n\u0131 g\u00f6sterdi. K\u00f6yce\u011fiz Kaymakaml\u0131\u011f\u0131 Veteran Kad\u0131n Voleybol Tak\u0131m\u0131 Dat\u00e7a\u2019da yap\u0131lan Veteran Voleybol Turnuvas\u0131 +30 ya\u015f kategorisinde ikinci olarak \u0130l\u00e7eye gurur ya\u015fatt\u0131. K\u00f6yce\u011fiz Kaymakaml\u0131\u011f\u0131 Veteran Kad\u0131n Voleybol Tak\u0131m\u0131 ikincilik ba\u015far\u0131s\u0131yla gelecek ad\u0131na umut vadetti. Dat\u00e7a\u2019da ger\u00e7ekle\u015ftirilen Veteran Voleybol Turnuvas\u0131 +30 ya\u015f kategorisinde 2&#8230;.<\/p>\n","protected":false},"author":1,"featured_media":91066,"comment_status":"open","ping_status":"open","sticky":false,"template":"","format":"standard","meta":{"_crdt_document":"","footnotes":""},"categories":[4],"tags":[],"class_list":["post-91065","post","type-post","status-publish","format-standard","has-post-thumbnail","hentry","category-spor"],"_links":{"self":[{"href":"https:\/\/www.egemtv.com\/index.php?rest_route=\/wp\/v2\/posts\/91065","targetHints":{"allow":["GET"]}}],"collection":[{"href":"https:\/\/www.egemtv.com\/index.php?rest_route=\/wp\/v2\/posts"}],"about":[{"href":"https:\/\/www.egemtv.com\/index.php?rest_route=\/wp\/v2\/types\/post"}],"author":[{"embeddable":true,"href":"https:\/\/www.egemtv.com\/index.php?rest_route=\/wp\/v2\/users\/1"}],"replies":[{"embeddable":true,"href":"https:\/\/www.egemtv.com\/index.php?rest_route=%2Fwp%2Fv2%2Fcomments&post=91065"}],"version-history":[{"count":1,"href":"https:\/\/www.egemtv.com\/index.php?rest_route=\/wp\/v2\/posts\/91065\/revisions"}],"predecessor-version":[{"id":91067,"href":"https:\/\/www.egemtv.com\/index.php?rest_route=\/wp\/v2\/posts\/91065\/revisions\/91067"}],"wp:featuredmedia":[{"embeddable":true,"href":"https:\/\/www.egemtv.com\/index.php?rest_route=\/wp\/v2\/media\/91066"}],"wp:attachment":[{"href":"https:\/\/www.egemtv.com\/index.php?rest_route=%2Fwp%2Fv2%2Fmedia&parent=91065"}],"wp:term":[{"taxonomy":"category","embeddable":true,"href":"https:\/\/www.egemtv.com\/index.php?rest_route=%2Fwp%2Fv2%2Fcategories&post=91065"},{"taxonomy":"post_tag","embeddable":true,"href":"https:\/\/www.egemtv.com\/index.php?rest_route=%2Fwp%2Fv2%2Ftags&post=91065"}],"curies":[{"name":"wp","href":"https:\/\/api.w.org\/{rel}","templated":true}]}}