{"id":91062,"date":"2026-02-28T14:16:12","date_gmt":"2026-02-28T11:16:12","guid":{"rendered":"https:\/\/www.egemtv.com\/?p=91062"},"modified":"2026-02-28T14:16:13","modified_gmt":"2026-02-28T11:16:13","slug":"baskan-gunel-birlik-ve-beraberlik-icinde-hareket-etmeyi-cok-onemsiyoruz","status":"publish","type":"post","link":"https:\/\/www.egemtv.com\/?p=91062","title":{"rendered":"Ba\u015fkan G\u00fcnel: &#8220;Birlik ve beraberlik i\u00e7inde hareket etmeyi \u00e7ok \u00f6nemsiyoruz&#8221;"},"content":{"rendered":"<p>Ayd\u0131n\u2019\u0131n Ku\u015fadas\u0131 il\u00e7esinde d\u00fczenledikleri iftar sofras\u0131nda CHP\u2019li belediye ba\u015fkanlar\u0131 ile bir araya gelen Ku\u015fadas\u0131 Belediye Ba\u015fkan\u0131 \u00d6mer G\u00fcnel; &#8220;Birlik ve beraberlik i\u00e7inde hareket etmeyi \u00e7ok \u00f6nemsiyoruz&#8221; dedi.<br \/>\n<br \/>Ayd\u0131n\u2019da Cumhuriyet Halk Partili (CHP) belediye ba\u015fkanlar\u0131 ve milletvekilleri, Ku\u015fadas\u0131 Belediyesi\u2019nin kurdu\u011fu iftar sofras\u0131nda bir araya gelip, Ramazan ay\u0131n\u0131n birlik, beraberlik ve dayan\u0131\u015fma ruhunu hem\u015fehrileri ile payla\u015ft\u0131. \u0130ftar yeme\u011finden \u00f6nce Ku\u015fadal\u0131lara seslenen Ba\u015fkan \u00d6mer G\u00fcnel, &#8220;T\u00fcrkiye\u2019de CHP\u2019li belediyeler, sosyal belediyecili\u011fin mimar\u0131d\u0131r. Ne kadar \u00e7ok hem\u015fehrimize dokunabiliyorsak o kadar \u00e7ok mutlu oluyoruz. CHP\u2019li belediyeler olarak birlik ve beraberlik i\u00e7erisinde hareket etmeyi \u00e7ok \u00f6nemsiyoruz&#8221; dedi.<br \/>\n<br \/>Ku\u015fadas\u0131 Belediyesi taraf\u0131ndan Ramazan ay\u0131 dolay\u0131s\u0131yla Hac\u0131feyzullah Mahallesi Yedieyl\u00fcl \u0130lkokulu \u00f6n\u00fcnde iftar program\u0131 d\u00fczenlendi. Ku\u015fadal\u0131lar\u0131n yo\u011fun ilgi g\u00f6sterdi\u011fi iftar program\u0131na Ba\u015fkan \u00d6mer G\u00fcnel ile birlikte Ayd\u0131n\u2019daki CHP\u2019li belediye ba\u015fkanlar\u0131 kat\u0131ld\u0131. Belediye ba\u015fkanlar\u0131, dualar\u0131n okunmas\u0131n\u0131n ard\u0131ndan vatanda\u015flarla birlikte oru\u00e7lar\u0131n\u0131 a\u00e7t\u0131. CHP\u2019li belediyelerin T\u00fcrkiye\u2019de sosyal belediyecili\u011fin mimar\u0131 oldu\u011funu belirten Ba\u015fkan \u00d6mer G\u00fcnel; &#8220;Bug\u00fcn hem\u015fehrilerimizle ayn\u0131 iftar sofras\u0131n\u0131 payla\u015ft\u0131\u011f\u0131m\u0131z i\u00e7in \u00e7ok mutluyuz. CHP Ayd\u0131n milletvekilimiz, CHP Ayd\u0131n \u0130l \u00d6rg\u00fct\u00fc Ba\u015fkan\u0131m\u0131z ve CHP\u2019li belediye ba\u015fkanlar\u0131m beni yaln\u0131z b\u0131rakmad\u0131lar. Kendilerine \u00e7ok te\u015fekk\u00fcr ediyorum. T\u00fcrkiye\u2019de CHP\u2019li belediyeler, sosyal belediyecili\u011fin mimar\u0131d\u0131r. Dolay\u0131s\u0131yla bizim amac\u0131m\u0131z m\u00fcmk\u00fcn oldu\u011funca \u00e7ok hem\u015fehrimize dokunabilmek. CHP\u2019li her belediye ba\u015fkan\u0131m\u0131z da kendi il\u00e7elerinde bu anlamda \u00e7ok \u00f6nemli i\u015flerin alt\u0131na imza at\u0131yorlar. \u0130ftar sofralar\u0131 kurarak da halk\u0131m\u0131z\u0131n paras\u0131n\u0131 yine onlar i\u00e7in harc\u0131yoruz. Biz CHP\u2019li belediye ba\u015fkanlar\u0131 olarak birlik ve beraberlik i\u00e7erisinde hareket etmeyi \u00e7ok \u00f6nemsiyoruz. Bir\u00e7ok konuda ortak hareket etme irademiz var. Ben Ramazan ay\u0131n\u0131n tekrardan t\u00fcm Ayd\u0131n halk\u0131 i\u00e7in hay\u0131rlara vesile olmas\u0131n\u0131 diliyorum&#8221; dedi.<br \/>\n<br \/>&#8220;Halkla beraber, halk i\u00e7in \u00e7al\u0131\u015f\u0131yoruz&#8221;<br \/>\n<br \/>Didim Belediye Ba\u015fkan\u0131 Hatice Gen\u00e7ay ise &#8220;\u00d6ncelikle \u00d6mer Ba\u015fkan\u0131m\u0131za \u00e7ok te\u015fekk\u00fcr ediyoruz. Biliyorsunuz ki Ramazan ay\u0131 birli\u011fin beraberli\u011fin, dayan\u0131\u015fman\u0131n ay\u0131d\u0131r. Bunu da hep birlikte bir araya gelerek ya\u015f\u0131yor olmaktan dolay\u0131 \u00e7ok mutluyuz. Halk\u0131m\u0131zla birlikte olmaktan \u00e7ok mutluyuz. Biz zaten halk\u0131n i\u00e7erisinde olan ba\u015fkanlar\u0131z. Halk\u0131n i\u00e7erisinde korkusuzca dola\u015fabiliyoruz. Halk\u0131m\u0131z i\u00e7in de \u00fczerimize d\u00fc\u015fen t\u00fcm sorumluluklar\u0131 yap\u0131yoruz. Halkla beraber halk i\u00e7in \u00e7al\u0131\u015f\u0131yoruz&#8221; dedi.<br \/><\/p>\n","protected":false},"excerpt":{"rendered":"<p>Ayd\u0131n\u2019\u0131n Ku\u015fadas\u0131 il\u00e7esinde d\u00fczenledikleri iftar sofras\u0131nda CHP\u2019li belediye ba\u015fkanlar\u0131 ile bir araya gelen Ku\u015fadas\u0131 Belediye Ba\u015fkan\u0131 \u00d6mer G\u00fcnel; &#8220;Birlik ve beraberlik i\u00e7inde hareket etmeyi \u00e7ok \u00f6nemsiyoruz&#8221; dedi. Ayd\u0131n\u2019da Cumhuriyet Halk Partili (CHP) belediye ba\u015fkanlar\u0131 ve milletvekilleri, Ku\u015fadas\u0131 Belediyesi\u2019nin kurdu\u011fu iftar sofras\u0131nda bir araya gelip, Ramazan ay\u0131n\u0131n birlik, beraberlik ve dayan\u0131\u015fma ruhunu hem\u015fehrileri ile payla\u015ft\u0131. \u0130ftar&#8230;<\/p>\n","protected":false},"author":1,"featured_media":91063,"comment_status":"open","ping_status":"open","sticky":false,"template":"","format":"standard","meta":{"_crdt_document":"","footnotes":""},"categories":[1],"tags":[],"class_list":["post-91062","post","type-post","status-publish","format-standard","has-post-thumbnail","hentry","category-guncel"],"_links":{"self":[{"href":"https:\/\/www.egemtv.com\/index.php?rest_route=\/wp\/v2\/posts\/91062","targetHints":{"allow":["GET"]}}],"collection":[{"href":"https:\/\/www.egemtv.com\/index.php?rest_route=\/wp\/v2\/posts"}],"about":[{"href":"https:\/\/www.egemtv.com\/index.php?rest_route=\/wp\/v2\/types\/post"}],"author":[{"embeddable":true,"href":"https:\/\/www.egemtv.com\/index.php?rest_route=\/wp\/v2\/users\/1"}],"replies":[{"embeddable":true,"href":"https:\/\/www.egemtv.com\/index.php?rest_route=%2Fwp%2Fv2%2Fcomments&post=91062"}],"version-history":[{"count":1,"href":"https:\/\/www.egemtv.com\/index.php?rest_route=\/wp\/v2\/posts\/91062\/revisions"}],"predecessor-version":[{"id":91064,"href":"https:\/\/www.egemtv.com\/index.php?rest_route=\/wp\/v2\/posts\/91062\/revisions\/91064"}],"wp:featuredmedia":[{"embeddable":true,"href":"https:\/\/www.egemtv.com\/index.php?rest_route=\/wp\/v2\/media\/91063"}],"wp:attachment":[{"href":"https:\/\/www.egemtv.com\/index.php?rest_route=%2Fwp%2Fv2%2Fmedia&parent=91062"}],"wp:term":[{"taxonomy":"category","embeddable":true,"href":"https:\/\/www.egemtv.com\/index.php?rest_route=%2Fwp%2Fv2%2Fcategories&post=91062"},{"taxonomy":"post_tag","embeddable":true,"href":"https:\/\/www.egemtv.com\/index.php?rest_route=%2Fwp%2Fv2%2Ftags&post=91062"}],"curies":[{"name":"wp","href":"https:\/\/api.w.org\/{rel}","templated":true}]}}