{"id":91059,"date":"2026-02-28T13:54:40","date_gmt":"2026-02-28T10:54:40","guid":{"rendered":"https:\/\/www.egemtv.com\/?p=91059"},"modified":"2026-02-28T13:54:41","modified_gmt":"2026-02-28T10:54:41","slug":"koycegiz-ataturk-ilkokulu-ogrencilerinden-ornek-kampanya","status":"publish","type":"post","link":"https:\/\/www.egemtv.com\/?p=91059","title":{"rendered":"K\u00f6yce\u011fiz Atat\u00fcrk \u0130lkokulu \u00f6\u011frencilerinden \u00f6rnek kampanya"},"content":{"rendered":"<p>Mu\u011fla\u2019n\u0131n K\u00f6yce\u011fiz il\u00e7esi Atat\u00fcrk \u0130lkokulu \u00f6\u011frencileri, Ramazan ay\u0131n\u0131n birlik, beraberlik ve yard\u0131mla\u015fma ruhunu ya\u015fatarak anlaml\u0131 bir dayan\u0131\u015fma \u00f6rne\u011fi sergiledi.<\/p>\n<p>Maarif anlay\u0131\u015f\u0131n\u0131n temel de\u011ferlerinden olan merhamet, payla\u015fma ve sorumluluk bilinci do\u011frultusunda \u00f6\u011fretmen, \u00f6\u011frenci ve velilerin katk\u0131lar\u0131yla ihtiya\u00e7 sahibi aileler i\u00e7in 40 adet g\u0131da kolisi haz\u0131rland\u0131. Ramazan\u2019\u0131n rahmet ve bereket ikliminde haz\u0131rlanan koliler, ihtiya\u00e7 sahiplerine teslim edildi. \u00d6\u011frenciler, iyili\u011fi sadece s\u00f6zle de\u011fil davran\u0131\u015fla da g\u00f6stermenin huzurunu ya\u015fad\u0131. Okul M\u00fcd\u00fcr\u00fc Ali Aydo\u011fan yapt\u0131\u011f\u0131 a\u00e7\u0131klamada &#8220;Bizim maarif anlay\u0131\u015f\u0131m\u0131z; bilgiyi de\u011ferle, ba\u015far\u0131y\u0131 ahlakla, e\u011fitimi vicdanla bulu\u015fturmay\u0131 esas al\u0131r. Ramazan ay\u0131 da bu de\u011ferlerin en g\u00fc\u00e7l\u00fc \u015fekilde hissedildi\u011fi m\u00fcstesna bir zaman dilimidir. \u00d6\u011frencilerimizin payla\u015fma ve yard\u0131mla\u015fma bilinciyle hareket etmeleri bizleri son derece mutlu etti. Bu g\u00fczel dayan\u0131\u015fmaya katk\u0131 sa\u011flayan t\u00fcm \u00f6\u011fretmenlerimize, velilerimize ve k\u0131ymetli \u00f6\u011frencilerimize te\u015fekk\u00fcr ediyorum. \u0130n\u015fallah bu iyilik halkas\u0131 b\u00fcy\u00fcyerek devam edecektir&#8221; ifadelerini kulland\u0131. K\u00f6yce\u011fiz Atat\u00fcrk \u0130lkokulu ailesi, milli ve manevi de\u011ferleri ya\u015fatan sosyal sorumluluk \u00e7al\u0131\u015fmalar\u0131n\u0131 s\u00fcrd\u00fcrmeye devam edeceklerini belirtti.<br \/><\/p>\n","protected":false},"excerpt":{"rendered":"<p>Mu\u011fla\u2019n\u0131n K\u00f6yce\u011fiz il\u00e7esi Atat\u00fcrk \u0130lkokulu \u00f6\u011frencileri, Ramazan ay\u0131n\u0131n birlik, beraberlik ve yard\u0131mla\u015fma ruhunu ya\u015fatarak anlaml\u0131 bir dayan\u0131\u015fma \u00f6rne\u011fi sergiledi. Maarif anlay\u0131\u015f\u0131n\u0131n temel de\u011ferlerinden olan merhamet, payla\u015fma ve sorumluluk bilinci do\u011frultusunda \u00f6\u011fretmen, \u00f6\u011frenci ve velilerin katk\u0131lar\u0131yla ihtiya\u00e7 sahibi aileler i\u00e7in 40 adet g\u0131da kolisi haz\u0131rland\u0131. Ramazan\u2019\u0131n rahmet ve bereket ikliminde haz\u0131rlanan koliler, ihtiya\u00e7 sahiplerine teslim edildi&#8230;.<\/p>\n","protected":false},"author":1,"featured_media":91060,"comment_status":"open","ping_status":"open","sticky":false,"template":"","format":"standard","meta":{"_crdt_document":"","footnotes":""},"categories":[1],"tags":[],"class_list":["post-91059","post","type-post","status-publish","format-standard","has-post-thumbnail","hentry","category-guncel"],"_links":{"self":[{"href":"https:\/\/www.egemtv.com\/index.php?rest_route=\/wp\/v2\/posts\/91059","targetHints":{"allow":["GET"]}}],"collection":[{"href":"https:\/\/www.egemtv.com\/index.php?rest_route=\/wp\/v2\/posts"}],"about":[{"href":"https:\/\/www.egemtv.com\/index.php?rest_route=\/wp\/v2\/types\/post"}],"author":[{"embeddable":true,"href":"https:\/\/www.egemtv.com\/index.php?rest_route=\/wp\/v2\/users\/1"}],"replies":[{"embeddable":true,"href":"https:\/\/www.egemtv.com\/index.php?rest_route=%2Fwp%2Fv2%2Fcomments&post=91059"}],"version-history":[{"count":1,"href":"https:\/\/www.egemtv.com\/index.php?rest_route=\/wp\/v2\/posts\/91059\/revisions"}],"predecessor-version":[{"id":91061,"href":"https:\/\/www.egemtv.com\/index.php?rest_route=\/wp\/v2\/posts\/91059\/revisions\/91061"}],"wp:featuredmedia":[{"embeddable":true,"href":"https:\/\/www.egemtv.com\/index.php?rest_route=\/wp\/v2\/media\/91060"}],"wp:attachment":[{"href":"https:\/\/www.egemtv.com\/index.php?rest_route=%2Fwp%2Fv2%2Fmedia&parent=91059"}],"wp:term":[{"taxonomy":"category","embeddable":true,"href":"https:\/\/www.egemtv.com\/index.php?rest_route=%2Fwp%2Fv2%2Fcategories&post=91059"},{"taxonomy":"post_tag","embeddable":true,"href":"https:\/\/www.egemtv.com\/index.php?rest_route=%2Fwp%2Fv2%2Ftags&post=91059"}],"curies":[{"name":"wp","href":"https:\/\/api.w.org\/{rel}","templated":true}]}}