{"id":91053,"date":"2026-02-28T13:35:01","date_gmt":"2026-02-28T10:35:01","guid":{"rendered":"https:\/\/www.egemtv.com\/?p=91053"},"modified":"2026-02-28T13:35:02","modified_gmt":"2026-02-28T10:35:02","slug":"demircide-ramazan-cocuklarin-sevinciyle-taclandi","status":"publish","type":"post","link":"https:\/\/www.egemtv.com\/?p=91053","title":{"rendered":"Demirci\u2019de Ramazan, \u00e7ocuklar\u0131n sevinciyle ta\u00e7land\u0131"},"content":{"rendered":"<p>Manisa\u2019n\u0131n Demirci il\u00e7esinde geleneksel Ramazan e\u011flence program\u0131nda sahne g\u00f6sterileri ve oyun alanlar\u0131yla bulu\u015fan \u00e7ocuklar hem e\u011flendi hem de Ramazan k\u00fclt\u00fcr\u00fcn\u00fc ya\u015fayarak \u00f6\u011frendi.<br \/>\n<br \/>Manisa\u2019n\u0131n Demirci il\u00e7esinde belediye taraf\u0131ndan Ramazan ay\u0131n\u0131n manevi atmosferini \u00e7ocuklara ve ailelere ya\u015fatmak amac\u0131yla d\u00fczenlenen e\u011flence program\u0131 yo\u011fun kat\u0131l\u0131mla ger\u00e7ekle\u015ftirildi. Abdullah Akarsu Sosyal Etkinlik Alan\u0131\u2019nda kurulan kapal\u0131 \u00e7ad\u0131rda 3 g\u00fcn s\u00fcrecek etkinliklerin ilk g\u00fcn\u00fcnde \u00e7ocuklar geleneksel g\u00f6sterilerle unutulmaz bir ak\u015fam ya\u015fad\u0131.<br \/>\n<br \/>Demirci Belediyesi\u2019nin organize etti\u011fi programda Hacivat-Karag\u00f6z g\u00f6sterisi, meddah anlat\u0131mlar\u0131, sihirbaz g\u00f6sterisi ve maskot karakterler sahne ald\u0131. Kurulan \u015fi\u015fme oyun alanlar\u0131 ve kayd\u0131raklarda doyas\u0131ya e\u011flenen \u00e7ocuklar\u0131n mutlulu\u011fu renkli g\u00f6r\u00fcnt\u00fcler olu\u015fturdu.<br \/>\n<br \/>Programa kat\u0131lan Demirci Belediye Ba\u015fkan\u0131 Erkan Kara, \u00e7ocuklarla yak\u0131ndan ilgilenerek patlam\u0131\u015f m\u0131s\u0131r ikram etti. Ba\u015fkan Kara, \u00e7ocuklarla birlikte &#8220;Kabe\u2019de Hac\u0131lar Hu Der Allah&#8221; ilahisini s\u00f6yleyerek etkinli\u011fin co\u015fkusuna ortak oldu.<br \/>\n<br \/>Ramazan ay\u0131n\u0131n birlik, beraberlik ve payla\u015fma duygular\u0131n\u0131 peki\u015ftiren \u00f6zel bir zaman dilimi oldu\u011funu belirten Ba\u015fkan Kara, &#8220;Ramazan yaln\u0131zca oru\u00e7 tutulan bir ay de\u011fil, ayn\u0131 zamanda dayan\u0131\u015fman\u0131n en g\u00fc\u00e7l\u00fc \u015fekilde hissedildi\u011fi m\u00fcbarek bir d\u00f6nemdir. \u00c7ocuklar\u0131m\u0131z\u0131n bu manevi atmosferi ya\u015fayarak b\u00fcy\u00fcmesini istiyoruz. Geleneksel de\u011ferlerimizi ya\u015fatan etkinliklerle onlar\u0131n y\u00fcz\u00fcnde tebess\u00fcm olu\u015fturmak en b\u00fcy\u00fck mutlulu\u011fumuz. Sosyal ve k\u00fclt\u00fcrel programlar\u0131m\u0131z devam edecek&#8221; dedi.<br \/><\/p>\n","protected":false},"excerpt":{"rendered":"<p>Manisa\u2019n\u0131n Demirci il\u00e7esinde geleneksel Ramazan e\u011flence program\u0131nda sahne g\u00f6sterileri ve oyun alanlar\u0131yla bulu\u015fan \u00e7ocuklar hem e\u011flendi hem de Ramazan k\u00fclt\u00fcr\u00fcn\u00fc ya\u015fayarak \u00f6\u011frendi. Manisa\u2019n\u0131n Demirci il\u00e7esinde belediye taraf\u0131ndan Ramazan ay\u0131n\u0131n manevi atmosferini \u00e7ocuklara ve ailelere ya\u015fatmak amac\u0131yla d\u00fczenlenen e\u011flence program\u0131 yo\u011fun kat\u0131l\u0131mla ger\u00e7ekle\u015ftirildi. Abdullah Akarsu Sosyal Etkinlik Alan\u0131\u2019nda kurulan kapal\u0131 \u00e7ad\u0131rda 3 g\u00fcn s\u00fcrecek etkinliklerin ilk&#8230;<\/p>\n","protected":false},"author":1,"featured_media":91054,"comment_status":"open","ping_status":"open","sticky":false,"template":"","format":"standard","meta":{"_crdt_document":"","footnotes":""},"categories":[1],"tags":[],"class_list":["post-91053","post","type-post","status-publish","format-standard","has-post-thumbnail","hentry","category-guncel"],"_links":{"self":[{"href":"https:\/\/www.egemtv.com\/index.php?rest_route=\/wp\/v2\/posts\/91053","targetHints":{"allow":["GET"]}}],"collection":[{"href":"https:\/\/www.egemtv.com\/index.php?rest_route=\/wp\/v2\/posts"}],"about":[{"href":"https:\/\/www.egemtv.com\/index.php?rest_route=\/wp\/v2\/types\/post"}],"author":[{"embeddable":true,"href":"https:\/\/www.egemtv.com\/index.php?rest_route=\/wp\/v2\/users\/1"}],"replies":[{"embeddable":true,"href":"https:\/\/www.egemtv.com\/index.php?rest_route=%2Fwp%2Fv2%2Fcomments&post=91053"}],"version-history":[{"count":1,"href":"https:\/\/www.egemtv.com\/index.php?rest_route=\/wp\/v2\/posts\/91053\/revisions"}],"predecessor-version":[{"id":91055,"href":"https:\/\/www.egemtv.com\/index.php?rest_route=\/wp\/v2\/posts\/91053\/revisions\/91055"}],"wp:featuredmedia":[{"embeddable":true,"href":"https:\/\/www.egemtv.com\/index.php?rest_route=\/wp\/v2\/media\/91054"}],"wp:attachment":[{"href":"https:\/\/www.egemtv.com\/index.php?rest_route=%2Fwp%2Fv2%2Fmedia&parent=91053"}],"wp:term":[{"taxonomy":"category","embeddable":true,"href":"https:\/\/www.egemtv.com\/index.php?rest_route=%2Fwp%2Fv2%2Fcategories&post=91053"},{"taxonomy":"post_tag","embeddable":true,"href":"https:\/\/www.egemtv.com\/index.php?rest_route=%2Fwp%2Fv2%2Ftags&post=91053"}],"curies":[{"name":"wp","href":"https:\/\/api.w.org\/{rel}","templated":true}]}}