{"id":91050,"date":"2026-02-28T13:14:55","date_gmt":"2026-02-28T10:14:55","guid":{"rendered":"https:\/\/www.egemtv.com\/?p=91050"},"modified":"2026-02-28T13:14:55","modified_gmt":"2026-02-28T10:14:55","slug":"ortaca-ve-dalamana-545-milyon-tllik-yol-yatirimi","status":"publish","type":"post","link":"https:\/\/www.egemtv.com\/?p=91050","title":{"rendered":"Ortaca ve Dalaman\u2019a 545 Milyon TL\u2019lik yol yat\u0131r\u0131m\u0131"},"content":{"rendered":"<p>Mu\u011fla B\u00fcy\u00fck\u015fehir Belediyesi, Ortaca ve Dalaman\u2019da toplam 545 milyon 574 bin 920 TL\u2019lik yol yat\u0131r\u0131m\u0131n\u0131 hayata ge\u00e7iriyor. Ortaca ve Dalaman\u2019da bir\u00e7ok cadde ve mahallede asfalt, kald\u0131r\u0131m, ya\u011fmursuyu ve i\u00e7me suyu imalatlar\u0131 yap\u0131lacak.<br \/>\n<br \/>Mu\u011fla B\u00fcy\u00fck\u015fehir Belediyesi, il genelinde s\u00fcrd\u00fcrd\u00fc\u011f\u00fc yol yat\u0131r\u0131mlar\u0131na h\u0131z kesmeden devam ediyor. Bu kapsamda Ortaca ve Dalaman il\u00e7elerinde toplam 545 milyon 574 bin 920 TL\u2019lik yol yat\u0131r\u0131m\u0131n\u0131n \u00e7al\u0131\u015fmalar\u0131na Sar\u0131germe-Fevziye g\u00fczerg\u00e2h\u0131ndan ba\u015fland\u0131. Sar\u0131germe-Fevziye\u2019de 7 bin 100 metrelik yolda s\u0131cak asfalt ve kald\u0131r\u0131m \u00e7al\u0131\u015fmalar\u0131 devam ediyor.<br \/>\n<br \/>Yat\u0131r\u0131m kapsam\u0131nda Ortaca ve Dalaman\u2019da onlarca cadde ve mahallede asfalt, kald\u0131r\u0131m, ya\u011fmursuyu ve i\u00e7me suyu imalatlar\u0131 yap\u0131lacak. B\u00fcy\u00fck \u00f6l\u00e7ekli yat\u0131r\u0131mla birlikte Ortaca ve Dalaman\u2019da ula\u015f\u0131m altyap\u0131s\u0131n\u0131n daha g\u00fcvenli, konforlu ve modern bir yap\u0131ya kavu\u015fturulmas\u0131 hedefleniyor.<br \/>\n<br \/>Ortaca Sar\u0131germe Mahalle Muhtar\u0131 Musa Varol, 1999 y\u0131l\u0131ndan bu yana muhtarl\u0131k g\u00f6revini y\u00fcr\u00fctt\u00fc\u011f\u00fcn\u00fc belirterek yolun yenilenmesinin mahalle i\u00e7in b\u00fcy\u00fck \u00f6nem ta\u015f\u0131d\u0131\u011f\u0131n\u0131 s\u00f6yledi. Muhtar Varol, &#8220;Yolumuz \u00e7ok k\u00f6t\u00fc durumdayd\u0131, turizme hizmet edecek bir yol de\u011fildi. \u015eu haliyle m\u00fckemmel bir yol oldu. B\u00fcy\u00fck\u015fehir Belediye Ba\u015fkan\u0131m\u0131z Say\u0131n Ahmet Aras Bey\u2019e ve ekibine te\u015fekk\u00fcr ediyorum&#8221; dedi.<br \/>\n<br \/>Mu\u011fla B\u00fcy\u00fck\u015fehir Belediyesi Fen \u0130\u015fleri Dairesi Ba\u015fkanl\u0131\u011f\u0131 Yol Proje ve Yap\u0131m \u015eube M\u00fcd\u00fcrl\u00fc\u011f\u00fc\u2019nde Harita Teknikeri olarak g\u00f6rev yapan S\u00fcleyman Soy, &#8220;Mu\u011fla B\u00fcy\u00fck\u015fehir Belediyesi olarak Ortaca ve Dalaman il\u00e7elerimizde \u015fehir i\u00e7i ve turizm yollar\u0131na verdi\u011fimiz \u00f6nem do\u011frultusunda imalat \u00e7al\u0131\u015fmalar\u0131na Sar\u0131germe Fevziye yolunda ba\u015flam\u0131\u015f bulunmaktay\u0131z. Ortaca ve Dalaman il\u00e7elerimizi kapsayan bu b\u00fcy\u00fck proje 520 g\u00fcn i\u00e7inde tamamlanacak olup, b\u00f6lgenin ula\u015f\u0131m altyap\u0131s\u0131n\u0131 daha g\u00fcvenli, daha konforlu ve daha modern bir yap\u0131ya kavu\u015fturacak&#8221; dedi.<br \/>\n<br \/>K\u0131y\u0131 Ege Belediyeler Birli\u011fi ve Mu\u011fla B\u00fcy\u00fck\u015fehir Belediye Ba\u015fkan\u0131 Ahmet Aras, Ortaca ve Dalaman\u2019da hayata ge\u00e7irilen yol yat\u0131r\u0131mlar\u0131n\u0131n b\u00f6lgenin geli\u015fimine \u00f6nemli katk\u0131 sa\u011flayaca\u011f\u0131n\u0131 belirterek, Ortaca ve Dalaman, hem yerle\u015fik n\u00fcfusu hem de turizm potansiyeliyle kentin \u00f6nemli b\u00f6lgeleri aras\u0131nda yer ald\u0131\u011f\u0131n\u0131, bu nedenle ula\u015f\u0131m altyap\u0131s\u0131n\u0131 g\u00fc\u00e7lendirmeyi hedeflediklerini a\u00e7\u0131klad\u0131. Ba\u015fkan Aras, g\u00fcvenli ve konforlu bir ula\u015f\u0131m a\u011f\u0131 olu\u015fturmak i\u00e7in \u00e7al\u0131\u015ft\u0131klar\u0131n\u0131, Mu\u011fla\u2019n\u0131n her noktas\u0131na e\u015fit ve adil hizmet g\u00f6t\u00fcrmeye devam edeceklerini, 545 milyon 574 bin 920 TL\u2019lik yol yat\u0131r\u0131m\u0131n\u0131n Ortaca ve Dalaman il\u00e7elerine hay\u0131rl\u0131 olmas\u0131n\u0131 diledi.<br \/><\/p>\n","protected":false},"excerpt":{"rendered":"<p>Mu\u011fla B\u00fcy\u00fck\u015fehir Belediyesi, Ortaca ve Dalaman\u2019da toplam 545 milyon 574 bin 920 TL\u2019lik yol yat\u0131r\u0131m\u0131n\u0131 hayata ge\u00e7iriyor. Ortaca ve Dalaman\u2019da bir\u00e7ok cadde ve mahallede asfalt, kald\u0131r\u0131m, ya\u011fmursuyu ve i\u00e7me suyu imalatlar\u0131 yap\u0131lacak. Mu\u011fla B\u00fcy\u00fck\u015fehir Belediyesi, il genelinde s\u00fcrd\u00fcrd\u00fc\u011f\u00fc yol yat\u0131r\u0131mlar\u0131na h\u0131z kesmeden devam ediyor. Bu kapsamda Ortaca ve Dalaman il\u00e7elerinde toplam 545 milyon 574 bin&#8230;<\/p>\n","protected":false},"author":1,"featured_media":91051,"comment_status":"open","ping_status":"open","sticky":false,"template":"","format":"standard","meta":{"_crdt_document":"","footnotes":""},"categories":[125],"tags":[],"class_list":["post-91050","post","type-post","status-publish","format-standard","has-post-thumbnail","hentry","category-ekonomi"],"_links":{"self":[{"href":"https:\/\/www.egemtv.com\/index.php?rest_route=\/wp\/v2\/posts\/91050","targetHints":{"allow":["GET"]}}],"collection":[{"href":"https:\/\/www.egemtv.com\/index.php?rest_route=\/wp\/v2\/posts"}],"about":[{"href":"https:\/\/www.egemtv.com\/index.php?rest_route=\/wp\/v2\/types\/post"}],"author":[{"embeddable":true,"href":"https:\/\/www.egemtv.com\/index.php?rest_route=\/wp\/v2\/users\/1"}],"replies":[{"embeddable":true,"href":"https:\/\/www.egemtv.com\/index.php?rest_route=%2Fwp%2Fv2%2Fcomments&post=91050"}],"version-history":[{"count":1,"href":"https:\/\/www.egemtv.com\/index.php?rest_route=\/wp\/v2\/posts\/91050\/revisions"}],"predecessor-version":[{"id":91052,"href":"https:\/\/www.egemtv.com\/index.php?rest_route=\/wp\/v2\/posts\/91050\/revisions\/91052"}],"wp:featuredmedia":[{"embeddable":true,"href":"https:\/\/www.egemtv.com\/index.php?rest_route=\/wp\/v2\/media\/91051"}],"wp:attachment":[{"href":"https:\/\/www.egemtv.com\/index.php?rest_route=%2Fwp%2Fv2%2Fmedia&parent=91050"}],"wp:term":[{"taxonomy":"category","embeddable":true,"href":"https:\/\/www.egemtv.com\/index.php?rest_route=%2Fwp%2Fv2%2Fcategories&post=91050"},{"taxonomy":"post_tag","embeddable":true,"href":"https:\/\/www.egemtv.com\/index.php?rest_route=%2Fwp%2Fv2%2Ftags&post=91050"}],"curies":[{"name":"wp","href":"https:\/\/api.w.org\/{rel}","templated":true}]}}