{"id":91047,"date":"2026-02-28T13:14:53","date_gmt":"2026-02-28T10:14:53","guid":{"rendered":"https:\/\/www.egemtv.com\/?p=91047"},"modified":"2026-02-28T13:14:54","modified_gmt":"2026-02-28T10:14:54","slug":"bergamada-tarihi-hamamdan-parsomen-muzesine-uzanan-yolculuk","status":"publish","type":"post","link":"https:\/\/www.egemtv.com\/?p=91047","title":{"rendered":"Bergama\u2019da tarihi hamamdan Par\u015f\u00f6men M\u00fczesi\u2019ne uzanan yolculuk"},"content":{"rendered":"<p>\u0130zmir\u2019in Bergama il\u00e7esinde 1513 y\u0131l\u0131nda in\u015fa edilen tarihi Hac\u0131 Hekim Hamam\u0131, y\u00fcr\u00fct\u00fclen \u00e7al\u0131\u015fmalar sonucunda Par\u015f\u00f6men M\u00fczesi ve at\u00f6lyesine d\u00f6n\u00fc\u015ft\u00fcr\u00fclerek hizmete a\u00e7\u0131ld\u0131.<br \/>\n<br \/>Par\u015f\u00f6men M\u00fczesi ve at\u00f6lyesinin a\u00e7\u0131l\u0131\u015f\u0131nda Bergama Kaymakam\u0131 Avni Oral, Bergama Belediye Ba\u015fkan\u0131 Prof. Dr. Tanju \u00c7elik, muhtarlar ve sivil toplum kurulu\u015fu temsilcileri yer ald\u0131. T\u00f6rende konu\u015fma yapan Bergama Belediye Ba\u015fkan\u0131 Prof. Dr. Tanju \u00c7elik, &#8220;Hepimizin bildi\u011fi gibi yakla\u015f\u0131k 200 y\u0131ldan bu yana bir hizmet veren mekan bug\u00fcn farkl\u0131 bir mekan olarak hizmet vermeye devam edecektir. \u015eehrimiz i\u00e7in de\u011ferli olan bu mekanda \u00f6ncelikli olarak de\u011ferli kaymakam\u0131m\u0131za \u00e7ok te\u015fekk\u00fcr ediyorum. De\u011ferli misafirler bildi\u011finiz gibi \u015fehrimiz UNESCO D\u00fcnya Miras\u0131. Antik \u00e7a\u011fdan bug\u00fcne bakt\u0131\u011f\u0131m\u0131z zaman Roma\u2019ya, Bizans\u2019a, daha sonra beylikler d\u00f6nemine, Osmanl\u0131 Devletine hizmetler vermi\u015f ve tabii ki Osmanl\u0131\u2019dan \u00f6nce Anadolu Sel\u00e7uklu ve B\u00fcy\u00fck Sel\u00e7uklu Devleti\u2019ne hizmet vermi\u015f bir b\u00f6lgede ya\u015f\u0131yoruz ayr\u0131ca. Katman katman olan bu k\u00fclt\u00fcrel mirasta \u00f6nemli bir mekan\u0131n \u00f6n\u00fcnde bulunuyoruz. Bu da atalar\u0131m\u0131zdan kalan, Osmanl\u0131\u2019dan kalan, Osmanl\u0131\u2019n\u0131n miras\u0131, bizlere olan miras\u0131. Miras\u0131na da sahip \u00e7\u0131kmaya devam ediyoruz&#8221; diye konu\u015ftu.<\/p>\n<p>At\u0131l durumdaki yap\u0131 sanata kazand\u0131r\u0131ld\u0131<br \/>\n<br \/>Bergama Kaymakam\u0131 Avni Oral ise, &#8220;Bug\u00fcn burada sanat ve sergi merkezi olarak a\u00e7aca\u011f\u0131m\u0131z bu mekanda daha \u00f6nce asli vazifesini yerine getirmi\u015f, 2020 y\u0131l\u0131na kadar da hizmet etmi\u015f Bergamal\u0131lara ama art\u0131k son 5-6 y\u0131ld\u0131r at\u0131l bir \u015fekilde, bo\u015f bir \u015fekilde duruyordu. Biz de bunu Vak\u0131flar B\u00f6lge M\u00fcd\u00fcrl\u00fc\u011f\u00fcnden Kaymakaml\u0131\u011f\u0131m\u0131za tahsis ettirerek \u00f6zellikle Bergama\u2019n\u0131n da a\u00e7\u0131\u011f\u0131 oldu\u011funu d\u00fc\u015f\u00fcnd\u00fc\u011f\u00fcm\u00fcz sanat ve sergi alan\u0131nda kullanabilece\u011fimiz bir mekan haline getirmek i\u00e7in bir \u00e7al\u0131\u015fma yapt\u0131k. A\u015fa\u011f\u0131 yukar\u0131 1,5 y\u0131l\u0131 kapsayan bir s\u00fcre\u00e7 i\u00e7erisinde a\u015fama a\u015fama buradaki bu haz\u0131rl\u0131klar\u0131 tamamlayarak a\u00e7\u0131l\u0131\u015fa haz\u0131r hale getirdik. \u00d6n taraftaki sanat ve sergi yerimizin yan\u0131nda arka taraftaki kad\u0131nlar b\u00f6l\u00fcm\u00fcnde de biz ADEM merkezimizin, ADEM kurslar\u0131m\u0131z\u0131n bir merkezi halinde, bir workshop haline getirerek, \u00f6n taraftaki sergiden sonra yap\u0131lan faaliyetlerin ne oldu\u011funu uygulamal\u0131 \u015fekilde arka taraftaki bu merkezimizde, at\u00f6lyelerimizde insanlar\u0131m\u0131zla payla\u015faca\u011f\u0131z&#8221; dedi.<br \/>\n<br \/>\u00d6te yandan, t\u00f6ren, konu\u015fmalar\u0131n ard\u0131ndan protokol \u00fcyeleri taraf\u0131ndan a\u00e7\u0131l\u0131\u015f kurdelesinin kesilmesi ve m\u00fczenin gezilmesiyle sona erdi.<br \/><\/p>\n","protected":false},"excerpt":{"rendered":"<p>\u0130zmir\u2019in Bergama il\u00e7esinde 1513 y\u0131l\u0131nda in\u015fa edilen tarihi Hac\u0131 Hekim Hamam\u0131, y\u00fcr\u00fct\u00fclen \u00e7al\u0131\u015fmalar sonucunda Par\u015f\u00f6men M\u00fczesi ve at\u00f6lyesine d\u00f6n\u00fc\u015ft\u00fcr\u00fclerek hizmete a\u00e7\u0131ld\u0131. Par\u015f\u00f6men M\u00fczesi ve at\u00f6lyesinin a\u00e7\u0131l\u0131\u015f\u0131nda Bergama Kaymakam\u0131 Avni Oral, Bergama Belediye Ba\u015fkan\u0131 Prof. Dr. Tanju \u00c7elik, muhtarlar ve sivil toplum kurulu\u015fu temsilcileri yer ald\u0131. T\u00f6rende konu\u015fma yapan Bergama Belediye Ba\u015fkan\u0131 Prof. Dr. Tanju \u00c7elik,&#8230;<\/p>\n","protected":false},"author":1,"featured_media":91048,"comment_status":"open","ping_status":"open","sticky":false,"template":"","format":"standard","meta":{"_crdt_document":"","footnotes":""},"categories":[1],"tags":[],"class_list":["post-91047","post","type-post","status-publish","format-standard","has-post-thumbnail","hentry","category-guncel"],"_links":{"self":[{"href":"https:\/\/www.egemtv.com\/index.php?rest_route=\/wp\/v2\/posts\/91047","targetHints":{"allow":["GET"]}}],"collection":[{"href":"https:\/\/www.egemtv.com\/index.php?rest_route=\/wp\/v2\/posts"}],"about":[{"href":"https:\/\/www.egemtv.com\/index.php?rest_route=\/wp\/v2\/types\/post"}],"author":[{"embeddable":true,"href":"https:\/\/www.egemtv.com\/index.php?rest_route=\/wp\/v2\/users\/1"}],"replies":[{"embeddable":true,"href":"https:\/\/www.egemtv.com\/index.php?rest_route=%2Fwp%2Fv2%2Fcomments&post=91047"}],"version-history":[{"count":1,"href":"https:\/\/www.egemtv.com\/index.php?rest_route=\/wp\/v2\/posts\/91047\/revisions"}],"predecessor-version":[{"id":91049,"href":"https:\/\/www.egemtv.com\/index.php?rest_route=\/wp\/v2\/posts\/91047\/revisions\/91049"}],"wp:featuredmedia":[{"embeddable":true,"href":"https:\/\/www.egemtv.com\/index.php?rest_route=\/wp\/v2\/media\/91048"}],"wp:attachment":[{"href":"https:\/\/www.egemtv.com\/index.php?rest_route=%2Fwp%2Fv2%2Fmedia&parent=91047"}],"wp:term":[{"taxonomy":"category","embeddable":true,"href":"https:\/\/www.egemtv.com\/index.php?rest_route=%2Fwp%2Fv2%2Fcategories&post=91047"},{"taxonomy":"post_tag","embeddable":true,"href":"https:\/\/www.egemtv.com\/index.php?rest_route=%2Fwp%2Fv2%2Ftags&post=91047"}],"curies":[{"name":"wp","href":"https:\/\/api.w.org\/{rel}","templated":true}]}}