{"id":91038,"date":"2026-02-28T12:55:31","date_gmt":"2026-02-28T09:55:31","guid":{"rendered":"https:\/\/www.egemtv.com\/?p=91038"},"modified":"2026-02-28T12:55:32","modified_gmt":"2026-02-28T09:55:32","slug":"kutahya-osb-yatirimcilari-istisare-ve-iftar-programinda-bir-araya-geldi","status":"publish","type":"post","link":"https:\/\/www.egemtv.com\/?p=91038","title":{"rendered":"K\u00fctahya OSB yat\u0131r\u0131mc\u0131lar\u0131 isti\u015fare ve iftar program\u0131nda bir araya geldi"},"content":{"rendered":"<p>K\u00fctahya Organize Sanayi B\u00f6lgesi Y\u00f6netim Kurulu Ba\u015fkanl\u0131\u011f\u0131 taraf\u0131ndan d\u00fczenlenen isti\u015fare toplant\u0131s\u0131 ve iftar program\u0131nda, K\u00fctahya OSB yat\u0131r\u0131mc\u0131lar\u0131 bir araya geldi.<br \/>\n<br \/>Yo\u011fun kat\u0131l\u0131mla ger\u00e7ekle\u015ftirilen programda, b\u00f6lgenin mevcut \u00e7al\u0131\u015fmalar\u0131, devam eden projeleri ve gelece\u011fe y\u00f6nelik hedefleri ele al\u0131nd\u0131. Program \u00f6ncesinde misafirleri K\u00fctahya OSB Y\u00f6netim Kurulu \u00fcyeleri kar\u015f\u0131lad\u0131. Samimi ve yap\u0131c\u0131 bir atmosferde ger\u00e7ekle\u015fen isti\u015fare b\u00f6l\u00fcm\u00fcnde yat\u0131r\u0131mc\u0131lar g\u00f6r\u00fc\u015f, \u00f6neri ve de\u011ferlendirmelerini payla\u015ft\u0131. Kar\u015f\u0131l\u0131kl\u0131 fikir al\u0131\u015fveri\u015fiyle K\u00fctahya Organize Sanayi B\u00f6lgesi\u2019nin geli\u015fim s\u00fcrecine katk\u0131 sa\u011flayacak ba\u015fl\u0131klar de\u011ferlendirildi. \u0130sti\u015fare toplant\u0131s\u0131n\u0131n ard\u0131ndan yat\u0131r\u0131mc\u0131lar hep birlikte iftar yaparak Ramazan ay\u0131n\u0131n birlik, beraberlik ve dayan\u0131\u015fma ruhunu payla\u015ft\u0131. Program, yaln\u0131zca bir iftar bulu\u015fmas\u0131 olman\u0131n \u00f6tesinde, ortak akl\u0131n ve g\u00fc\u00e7l\u00fc ileti\u015fimin \u00f6nemini bir kez daha ortaya koydu.<br \/>\n<br \/>Program\u0131n sonunda konu\u015fmas\u0131n\u0131 yapan K\u00fctahya Organize Sanayi B\u00f6lgesi Y\u00f6netim Kurulu Ba\u015fkan\u0131 Tolga Eskio\u011flu, K\u00fctahya OSB\u2019nin geli\u015fimine ve de\u011fi\u015fimine katk\u0131 sa\u011flayan t\u00fcm yat\u0131r\u0131mc\u0131lara te\u015fekk\u00fcr ederek \u015fu ifadeleri kulland\u0131:<br \/>\n<br \/>&#8220;Sanayi B\u00f6lgemizin geli\u015fimine ve de\u011fi\u015fimine katk\u0131 sa\u011flayan t\u00fcm yat\u0131r\u0131mc\u0131lar\u0131m\u0131za te\u015fekk\u00fcr ediyorum. Bug\u00fcne kadar elde etti\u011fimiz her ba\u015far\u0131da ortak eme\u011fin ve g\u00fc\u00e7l\u00fc dayan\u0131\u015fman\u0131n pay\u0131 vard\u0131r. \u0130nan\u0131yorum ki ayn\u0131 birlik ve beraberlik ruhuyla, K\u00fctahya OSB\u2019yi daha g\u00fc\u00e7l\u00fc, daha rekabet\u00e7i ve daha s\u00fcrd\u00fcr\u00fclebilir bir gelece\u011fe birlikte ta\u015f\u0131yaca\u011f\u0131z.&#8221;<br \/>\n<br \/>Y\u00f6netim Kurulu Ba\u015fkan\u0131 Tolga Eskio\u011flu\u2019nun konu\u015fmas\u0131n\u0131n ard\u0131ndan program, kar\u015f\u0131l\u0131kl\u0131 iyi dilek ve temennilerle sona erdi.<br \/><\/p>\n","protected":false},"excerpt":{"rendered":"<p>K\u00fctahya Organize Sanayi B\u00f6lgesi Y\u00f6netim Kurulu Ba\u015fkanl\u0131\u011f\u0131 taraf\u0131ndan d\u00fczenlenen isti\u015fare toplant\u0131s\u0131 ve iftar program\u0131nda, K\u00fctahya OSB yat\u0131r\u0131mc\u0131lar\u0131 bir araya geldi. Yo\u011fun kat\u0131l\u0131mla ger\u00e7ekle\u015ftirilen programda, b\u00f6lgenin mevcut \u00e7al\u0131\u015fmalar\u0131, devam eden projeleri ve gelece\u011fe y\u00f6nelik hedefleri ele al\u0131nd\u0131. Program \u00f6ncesinde misafirleri K\u00fctahya OSB Y\u00f6netim Kurulu \u00fcyeleri kar\u015f\u0131lad\u0131. Samimi ve yap\u0131c\u0131 bir atmosferde ger\u00e7ekle\u015fen isti\u015fare b\u00f6l\u00fcm\u00fcnde yat\u0131r\u0131mc\u0131lar g\u00f6r\u00fc\u015f,&#8230;<\/p>\n","protected":false},"author":1,"featured_media":91039,"comment_status":"open","ping_status":"open","sticky":false,"template":"","format":"standard","meta":{"_crdt_document":"","footnotes":""},"categories":[123],"tags":[],"class_list":["post-91038","post","type-post","status-publish","format-standard","has-post-thumbnail","hentry","category-gundem"],"_links":{"self":[{"href":"https:\/\/www.egemtv.com\/index.php?rest_route=\/wp\/v2\/posts\/91038","targetHints":{"allow":["GET"]}}],"collection":[{"href":"https:\/\/www.egemtv.com\/index.php?rest_route=\/wp\/v2\/posts"}],"about":[{"href":"https:\/\/www.egemtv.com\/index.php?rest_route=\/wp\/v2\/types\/post"}],"author":[{"embeddable":true,"href":"https:\/\/www.egemtv.com\/index.php?rest_route=\/wp\/v2\/users\/1"}],"replies":[{"embeddable":true,"href":"https:\/\/www.egemtv.com\/index.php?rest_route=%2Fwp%2Fv2%2Fcomments&post=91038"}],"version-history":[{"count":1,"href":"https:\/\/www.egemtv.com\/index.php?rest_route=\/wp\/v2\/posts\/91038\/revisions"}],"predecessor-version":[{"id":91040,"href":"https:\/\/www.egemtv.com\/index.php?rest_route=\/wp\/v2\/posts\/91038\/revisions\/91040"}],"wp:featuredmedia":[{"embeddable":true,"href":"https:\/\/www.egemtv.com\/index.php?rest_route=\/wp\/v2\/media\/91039"}],"wp:attachment":[{"href":"https:\/\/www.egemtv.com\/index.php?rest_route=%2Fwp%2Fv2%2Fmedia&parent=91038"}],"wp:term":[{"taxonomy":"category","embeddable":true,"href":"https:\/\/www.egemtv.com\/index.php?rest_route=%2Fwp%2Fv2%2Fcategories&post=91038"},{"taxonomy":"post_tag","embeddable":true,"href":"https:\/\/www.egemtv.com\/index.php?rest_route=%2Fwp%2Fv2%2Ftags&post=91038"}],"curies":[{"name":"wp","href":"https:\/\/api.w.org\/{rel}","templated":true}]}}