{"id":91035,"date":"2026-02-28T12:34:57","date_gmt":"2026-02-28T09:34:57","guid":{"rendered":"https:\/\/www.egemtv.com\/?p=91035"},"modified":"2026-02-28T12:34:58","modified_gmt":"2026-02-28T09:34:58","slug":"izmir-derbisinde-karsiyakanin-konugu-altay","status":"publish","type":"post","link":"https:\/\/www.egemtv.com\/?p=91035","title":{"rendered":"\u0130zmir derbisinde Kar\u015f\u0131yaka\u2019n\u0131n konu\u011fu Altay"},"content":{"rendered":"<p>Kar\u015f\u0131yaka, TFF 3. Lig 4. Grup\u2019taki 23. hafta m\u00fccadelesinde yar\u0131n \u0130zmir derbisinde Altay\u2019\u0131 konuk edecek.<br \/>\n<br \/>TFF 3. Lig 4. Grup ekiplerinden Kar\u015f\u0131yaka ve Altay, yar\u0131n \u0130zmir derbisinde kar\u015f\u0131 kar\u015f\u0131ya gelecek. Ye\u015fil-k\u0131rm\u0131z\u0131l\u0131lar\u0131n ev sahipli\u011finde iki kul\u00fcb\u00fcn ortak kulland\u0131\u011f\u0131 Alsancak Mustafa Denizli Stadyumu\u2019nda oynanacak m\u00fcsabaka saat 20.00\u2019de ba\u015flayacak.<br \/>\n<br \/>Kar\u015f\u0131yaka-Altay derbisi \u00f6ncesinde bilet fiyatlar\u0131 a\u00e7\u0131klan\u0131rken, iki tak\u0131m taraftarlar\u0131 da yo\u011fun ilgi g\u00f6sterdi. Ev sahibi Kar\u015f\u0131yaka taraftarlar\u0131 i\u00e7in numaral\u0131 trib\u00fcn 300 TL, VIP A 750 TL, VIP C 1250 TL ve maraton trib\u00fcn\u00fc 100 TL olarak belirlendi. \u0130lk yar\u0131da kul\u00fcpler aras\u0131nda yap\u0131lan anla\u015fma gere\u011fi, kale arkas\u0131ndaki misafir trib\u00fcnde yer alacak Altay taraftarlar\u0131na biletler 35 TL\u2019den sat\u0131lacak ve bu biletler siyah-beyazl\u0131 y\u00f6netime teslim edildi.<br \/>\n<br \/>Sezonun ilk yar\u0131s\u0131nda ev sahibi olan Altay y\u00f6netimi de Kar\u015f\u0131yaka taraftar\u0131na deplasman trib\u00fcn\u00fc biletlerini 35,5 TL\u2019den satarak jest yapm\u0131\u015ft\u0131.<\/p>\n<p>\u0130ki tak\u0131m\u0131n iki farkl\u0131 hedefi var<br \/>\n<br \/>Kar\u015f\u0131yaka, TFF 3. Lig 4. Grup\u2019ta geride kalan 22 haftada 14 galibiyet, 5 beraberlik ve 3 ma\u011flubiyet alarak 47 puana ula\u015ft\u0131 ve \u00fc\u00e7\u00fcnc\u00fc s\u0131raya yerle\u015fti. Ye\u015fil-k\u0131rm\u0131z\u0131l\u0131 ekip, \u0130zmir derbisinde sahadan galibiyetle ayr\u0131larak zirve yar\u0131\u015f\u0131nda kritik bir \u00fc\u00e7 puan\u0131 hanesine yazd\u0131rmay\u0131 hedefliyor.<br \/>\n<br \/>Altay ise eski yabanc\u0131 kalecisi Stachowiak\u2019a olan bor\u00e7lar\u0131 nedeniyle FIFA taraf\u0131ndan 6 puan silme cezas\u0131 almas\u0131na ra\u011fmen 20 puanla 11. s\u0131rada bulunuyor. Son haftalarda \u00e7\u0131k\u0131\u015f yakalayan siyah-beyazl\u0131lar, derbiyi kazanarak d\u00fc\u015fme hatt\u0131ndan uzakla\u015f\u0131p orta s\u0131ralara t\u0131rmanman\u0131n hesaplar\u0131n\u0131 yap\u0131yor.<\/p>\n<p>Sakatlar ve eksikler dikkat \u00e7ekiyor<br \/>\n<br \/>Kar\u015f\u0131yaka\u2019da derbi \u00f6ncesi sakatl\u0131\u011f\u0131 bulunan Alpay\u2019\u0131n iyile\u015fmesi teknik heyeti sevindirdi. Cezas\u0131 sona eren yeni transfer \u0130lyas ise ilk kez forma giymeye haz\u0131rlan\u0131yor. Savunmada iki ismin haz\u0131r oldu\u011fu Kaf-Kaf\u2019ta, antrenmanda sakatlanan stoper Ensar\u2019\u0131n ise ma\u00e7ta g\u00f6rev almas\u0131 zor g\u00f6r\u00fcn\u00fcyor.<br \/>\n<br \/>Altay cephesinde ise kaleci Semih, stoper Arif ve sa\u011f kanat Mehmet Nur sakatl\u0131klar\u0131 nedeniyle forma giyemeyecek. Cezalar\u0131 biten orta saha Ege ile santrfor \u00dcnal Alihan tak\u0131ma d\u00f6nerken, hafif sakatl\u0131\u011f\u0131 bulunan orta saha Emre\u2019nin durumu ma\u00e7 saatinde netlik kazanacak.<br \/><\/p>\n","protected":false},"excerpt":{"rendered":"<p>Kar\u015f\u0131yaka, TFF 3. Lig 4. Grup\u2019taki 23. hafta m\u00fccadelesinde yar\u0131n \u0130zmir derbisinde Altay\u2019\u0131 konuk edecek. TFF 3. Lig 4. Grup ekiplerinden Kar\u015f\u0131yaka ve Altay, yar\u0131n \u0130zmir derbisinde kar\u015f\u0131 kar\u015f\u0131ya gelecek. Ye\u015fil-k\u0131rm\u0131z\u0131l\u0131lar\u0131n ev sahipli\u011finde iki kul\u00fcb\u00fcn ortak kulland\u0131\u011f\u0131 Alsancak Mustafa Denizli Stadyumu\u2019nda oynanacak m\u00fcsabaka saat 20.00\u2019de ba\u015flayacak. Kar\u015f\u0131yaka-Altay derbisi \u00f6ncesinde bilet fiyatlar\u0131 a\u00e7\u0131klan\u0131rken, iki tak\u0131m taraftarlar\u0131&#8230;<\/p>\n","protected":false},"author":1,"featured_media":91036,"comment_status":"open","ping_status":"open","sticky":false,"template":"","format":"standard","meta":{"_crdt_document":"","footnotes":""},"categories":[4],"tags":[],"class_list":["post-91035","post","type-post","status-publish","format-standard","has-post-thumbnail","hentry","category-spor"],"_links":{"self":[{"href":"https:\/\/www.egemtv.com\/index.php?rest_route=\/wp\/v2\/posts\/91035","targetHints":{"allow":["GET"]}}],"collection":[{"href":"https:\/\/www.egemtv.com\/index.php?rest_route=\/wp\/v2\/posts"}],"about":[{"href":"https:\/\/www.egemtv.com\/index.php?rest_route=\/wp\/v2\/types\/post"}],"author":[{"embeddable":true,"href":"https:\/\/www.egemtv.com\/index.php?rest_route=\/wp\/v2\/users\/1"}],"replies":[{"embeddable":true,"href":"https:\/\/www.egemtv.com\/index.php?rest_route=%2Fwp%2Fv2%2Fcomments&post=91035"}],"version-history":[{"count":1,"href":"https:\/\/www.egemtv.com\/index.php?rest_route=\/wp\/v2\/posts\/91035\/revisions"}],"predecessor-version":[{"id":91037,"href":"https:\/\/www.egemtv.com\/index.php?rest_route=\/wp\/v2\/posts\/91035\/revisions\/91037"}],"wp:featuredmedia":[{"embeddable":true,"href":"https:\/\/www.egemtv.com\/index.php?rest_route=\/wp\/v2\/media\/91036"}],"wp:attachment":[{"href":"https:\/\/www.egemtv.com\/index.php?rest_route=%2Fwp%2Fv2%2Fmedia&parent=91035"}],"wp:term":[{"taxonomy":"category","embeddable":true,"href":"https:\/\/www.egemtv.com\/index.php?rest_route=%2Fwp%2Fv2%2Fcategories&post=91035"},{"taxonomy":"post_tag","embeddable":true,"href":"https:\/\/www.egemtv.com\/index.php?rest_route=%2Fwp%2Fv2%2Ftags&post=91035"}],"curies":[{"name":"wp","href":"https:\/\/api.w.org\/{rel}","templated":true}]}}