{"id":91032,"date":"2026-02-28T12:34:55","date_gmt":"2026-02-28T09:34:55","guid":{"rendered":"https:\/\/www.egemtv.com\/?p=91032"},"modified":"2026-02-28T12:34:57","modified_gmt":"2026-02-28T09:34:57","slug":"buyuksehirin-ramazan-etkinlikleri-yenipazarda-vatandaslarla-bulustu","status":"publish","type":"post","link":"https:\/\/www.egemtv.com\/?p=91032","title":{"rendered":"B\u00fcy\u00fck\u015fehir\u2019in Ramazan etkinlikleri Yenipazar\u2019da vatanda\u015flarla bulu\u015ftu"},"content":{"rendered":"<p>Ayd\u0131n B\u00fcy\u00fck\u015fehir Belediyesi\u2019nin Ramazan ay\u0131 nedeniyle kentin d\u00f6rt bir yan\u0131nda d\u00fczenledi\u011fi etkinlikler, vatanda\u015flarla bir araya gelmeye devam ediyor. Ramazan\u2019\u0131n manevi atmosferini vatanda\u015flarla bulu\u015fturan programlar\u0131n bu kez adresi Yenipazar il\u00e7esi oldu. B\u00fcy\u00fck\u015fehir Belediyesi taraf\u0131ndan d\u00fczenlenen iftar program\u0131n\u0131n ard\u0131ndan ger\u00e7ekle\u015ftirilen etkinlikler yo\u011fun kat\u0131l\u0131mla ger\u00e7ekle\u015fti, alan renkli g\u00f6r\u00fcnt\u00fclere sahne oldu.<br \/>\n<br \/>Geleneksel Ramazan k\u00fclt\u00fcr\u00fcn\u00fc ya\u015fatan g\u00f6steriler kapsam\u0131nda Hacivat-Karag\u00f6z oyunlar\u0131, meddah anlat\u0131lar\u0131 ve A\u015fuk ile Ma\u015fuk g\u00f6sterileri sahnelenirken, jongl\u00f6r ve ill\u00fczyonist performanslar\u0131 \u00e7ocuklara unutulmaz anlar ya\u015fatt\u0131. Kurulan oyun alanlar\u0131nda e\u011flenen \u00e7ocuklar, sahne etkinlikleriyle Ramazan sevincini doyas\u0131ya ya\u015fad\u0131. Etkinlik alan\u0131nda vatanda\u015flara Ramazan \u015ferbeti ve Osmanl\u0131 macunu ikram edildi.<br \/>\n<br \/>Etkinliklere kat\u0131lan \u00e7ocuklar ve aileleri, d\u00fczenlenen programlardan duyduklar\u0131 memnuniyeti dile getirerek Ayd\u0131n B\u00fcy\u00fck\u015fehir Belediye Ba\u015fkan\u0131 \u00d6zlem \u00c7er\u00e7io\u011flu\u2019na te\u015fekk\u00fcr etti.<br \/>\n<br \/>Ramazan etkinlikleri ay boyunca Ayd\u0131nl\u0131larla bulu\u015fmay\u0131 s\u00fcrd\u00fcrecek. S\u00f6ke il\u00e7esinde 28 \u015eubat Cumartesi g\u00fcn\u00fc Yenicami Mahallesi kapal\u0131 pazar yeri, K\u00f6\u015fk il\u00e7esinde 2 Mart Pazartesi g\u00fcn\u00fc \u00c7ar\u015f\u0131 Mahallesi Eski Nazilli Caddesi, Sultanhisar il\u00e7esinde 3 Mart Sal\u0131 g\u00fcn\u00fc Belediye Meydan\u0131, \u0130ncirliova il\u00e7esinde 4 Mart \u00c7ar\u015famba g\u00fcn\u00fc Cumhuriyet Meydan\u0131 etkinliklerin adresi olacak. \u0130l\u00e7elerde etkinlikler 18.00 saatinde ba\u015flayacak, 20.15 saatinde sona erecek. 5-15 Mart tarihleri aras\u0131nda e\u011flencenin adresi bir kez daha Fuar Ayd\u0131n olacak, 4 Mart\u2019a kadar ise Efeler il\u00e7esi Mimar Sinan Park\u0131\u2019nda e\u011flenceli ah\u015fap oyun alanlar\u0131, \u015fi\u015fme oyuncaklar ve e\u011flenceli aktiviteler vatanda\u015flarla bulu\u015facak.<br \/><\/p>\n","protected":false},"excerpt":{"rendered":"<p>Ayd\u0131n B\u00fcy\u00fck\u015fehir Belediyesi\u2019nin Ramazan ay\u0131 nedeniyle kentin d\u00f6rt bir yan\u0131nda d\u00fczenledi\u011fi etkinlikler, vatanda\u015flarla bir araya gelmeye devam ediyor. Ramazan\u2019\u0131n manevi atmosferini vatanda\u015flarla bulu\u015fturan programlar\u0131n bu kez adresi Yenipazar il\u00e7esi oldu. B\u00fcy\u00fck\u015fehir Belediyesi taraf\u0131ndan d\u00fczenlenen iftar program\u0131n\u0131n ard\u0131ndan ger\u00e7ekle\u015ftirilen etkinlikler yo\u011fun kat\u0131l\u0131mla ger\u00e7ekle\u015fti, alan renkli g\u00f6r\u00fcnt\u00fclere sahne oldu. Geleneksel Ramazan k\u00fclt\u00fcr\u00fcn\u00fc ya\u015fatan g\u00f6steriler kapsam\u0131nda Hacivat-Karag\u00f6z oyunlar\u0131,&#8230;<\/p>\n","protected":false},"author":1,"featured_media":91033,"comment_status":"open","ping_status":"open","sticky":false,"template":"","format":"standard","meta":{"_crdt_document":"","footnotes":""},"categories":[1],"tags":[],"class_list":["post-91032","post","type-post","status-publish","format-standard","has-post-thumbnail","hentry","category-guncel"],"_links":{"self":[{"href":"https:\/\/www.egemtv.com\/index.php?rest_route=\/wp\/v2\/posts\/91032","targetHints":{"allow":["GET"]}}],"collection":[{"href":"https:\/\/www.egemtv.com\/index.php?rest_route=\/wp\/v2\/posts"}],"about":[{"href":"https:\/\/www.egemtv.com\/index.php?rest_route=\/wp\/v2\/types\/post"}],"author":[{"embeddable":true,"href":"https:\/\/www.egemtv.com\/index.php?rest_route=\/wp\/v2\/users\/1"}],"replies":[{"embeddable":true,"href":"https:\/\/www.egemtv.com\/index.php?rest_route=%2Fwp%2Fv2%2Fcomments&post=91032"}],"version-history":[{"count":1,"href":"https:\/\/www.egemtv.com\/index.php?rest_route=\/wp\/v2\/posts\/91032\/revisions"}],"predecessor-version":[{"id":91034,"href":"https:\/\/www.egemtv.com\/index.php?rest_route=\/wp\/v2\/posts\/91032\/revisions\/91034"}],"wp:featuredmedia":[{"embeddable":true,"href":"https:\/\/www.egemtv.com\/index.php?rest_route=\/wp\/v2\/media\/91033"}],"wp:attachment":[{"href":"https:\/\/www.egemtv.com\/index.php?rest_route=%2Fwp%2Fv2%2Fmedia&parent=91032"}],"wp:term":[{"taxonomy":"category","embeddable":true,"href":"https:\/\/www.egemtv.com\/index.php?rest_route=%2Fwp%2Fv2%2Fcategories&post=91032"},{"taxonomy":"post_tag","embeddable":true,"href":"https:\/\/www.egemtv.com\/index.php?rest_route=%2Fwp%2Fv2%2Ftags&post=91032"}],"curies":[{"name":"wp","href":"https:\/\/api.w.org\/{rel}","templated":true}]}}