{"id":91029,"date":"2026-02-28T12:34:54","date_gmt":"2026-02-28T09:34:54","guid":{"rendered":"https:\/\/www.egemtv.com\/?p=91029"},"modified":"2026-02-28T12:34:55","modified_gmt":"2026-02-28T09:34:55","slug":"ogrenciler-velileri-ile-iftarda-bulustu","status":"publish","type":"post","link":"https:\/\/www.egemtv.com\/?p=91029","title":{"rendered":"\u00d6\u011frenciler, velileri ile iftarda bulu\u015ftu"},"content":{"rendered":"<p>Ayd\u0131n\u2019da anas\u0131n\u0131f\u0131 ile birlikte toplamda 3 s\u0131n\u0131f\u0131 bulunan Sultanhisar Kabaca \u0130lkokulu\u2019nda e\u011fitim g\u00f6ren 27 \u00f6\u011frenci, \u00f6\u011fretmenlerinden \u00f6\u011frendikleri Ramazan ay\u0131 ve oru\u00e7 tutman\u0131n maneviyat\u0131n\u0131 ya\u015famak i\u00e7in \u00f6\u011fretmen ve velilerine iftar yeme\u011fi verdi.<\/p>\n<p>Kendi har\u00e7l\u0131klar\u0131n\u0131n yan\u0131 s\u0131ra anne, baba ve \u00f6\u011fretmenlerinin de deste\u011fi ile pirin\u00e7, kuru fasulye, tavuk, \u00e7orbal\u0131k arpac\u0131k, nohut ve salata malzemeleri, marul, tulumba tatl\u0131s\u0131 sat\u0131n al\u0131narak iftar i\u00e7in haz\u0131rland\u0131. Ate\u015fler yak\u0131ld\u0131, b\u00fcy\u00fck kazanlarda yemekler pi\u015firildi. Sofralar haz\u0131rland\u0131, ekmek, tatl\u0131, su ve ayranlar servis edildikten sonra pi\u015firilen s\u0131cac\u0131k yemekler servis edilerek ak\u015fam ezan\u0131 ile birlikte oru\u00e7lar a\u00e7\u0131ld\u0131. Ramazan ay\u0131n\u0131n manevi ruhunu yans\u0131tan y\u00f6resel yemeklerin nas\u0131l pi\u015firildi\u011fini de b\u00fcy\u00fcklerinden izleyerek \u00f6\u011frenen \u00f6\u011frenciler, minicik elleri ile anne ve babalar\u0131na hizmet i\u00e7in adeta birbirleri ile yar\u0131\u015ft\u0131. &#8220;Anne ve babalar\u0131m\u0131z hep bize bak\u0131yor. Bug\u00fcn de biz onlara hizmet etmek istedik&#8221; diyen minik kalplerin kocaman y\u00fcrekleri davran\u0131\u015flar\u0131 takdir toplad\u0131. B\u00fcy\u00fcklerinin yard\u0131m\u0131 ile haz\u0131rlanan masalar\u0131 donatan ilkokul ve anas\u0131n\u0131f\u0131 \u00f6\u011frencileri, yemeklerin da\u011f\u0131t\u0131m\u0131nda da yard\u0131mc\u0131 olabilmek i\u00e7in ellerinden geleni yapt\u0131. Ak\u015fam ezan\u0131n\u0131n\u0131m okunmas\u0131 ve duan\u0131n ard\u0131ndan b\u00fcy\u00fck bir gururla anne, baba ve \u00f6\u011fretmenleri ile oru\u00e7lar\u0131n\u0131 a\u00e7an \u00f6\u011frenciler iftar\u0131n ard\u0131ndan bu kez \u00f6nceden ezberledikleri mani ve ilahilerle iftar sofras\u0131na renk katt\u0131. \u00c7ocuklar\u0131n derslerde i\u015fledikleri &#8220;T\u00fcrkiye Y\u00fczy\u0131l\u0131 Maarif Modeli, Maarifin Kalbinde Ramazan&#8221; etkinlikleri kapsam\u0131nda iftar program\u0131na \u0130l\u00e7e Kaymakam\u0131 Ali Ekber Ate\u015f de kay\u0131ts\u0131z kalmad\u0131 ve \u00e7ocuklar\u0131n bu mutlulu\u011funa ortak oldu. Okul M\u00fcd\u00fcr\u00fc Ahmet Tokkaya ve okulda g\u00f6rev yapan 2 \u00f6\u011fretmen de \u00e7ocuklara \u00f6nc\u00fcl\u00fck yaparak derslerde \u00f6\u011frettikleri Ramazanla ilgili de\u011ferleri ya\u015fayarak \u00f6\u011frenmelerini sa\u011flad\u0131.<\/p>\n<p>Ayd\u0131n\u2019\u0131n Sultanhisar il\u00e7esi Kabaca \u0130lkokulu ev sahipli\u011finde okul bah\u00e7esinde &#8220;T\u00fcrkiye Y\u00fczy\u0131l\u0131 Maarif Modeli, Maarifin Kalbinde Ramazan&#8221; etkinlikleri kapsam\u0131nda iftar program\u0131 ger\u00e7ekle\u015ftirildi. \u0130ftar etkinli\u011fi, milli birlik beraberli\u011fin yan\u0131nda Aile Y\u0131l\u0131 ve Ramazan Ay\u0131n\u0131n anlam\u0131 konusunda payla\u015fma birlik beraberlik duygular\u0131n\u0131n zirve yapmas\u0131na katk\u0131 sa\u011flad\u0131. \u0130ftar program\u0131na kat\u0131lan Kaymakam\u0131 Ali Ekber Ate\u015f, iftar \u00f6ncesinde \u00f6\u011frencilerle bir araya gelerek samimi bir sohbet ger\u00e7ekle\u015ftirdi. Kur\u2019an-\u0131 Kerim tilaveti ard\u0131ndan ezan okundu ve iftar yap\u0131ld\u0131.<\/p>\n<p>&#8220;\u00d6\u011frencilerimizin katk\u0131 sa\u011flamas\u0131 \u00e7ok k\u0131ymetlidir&#8221;<br \/>\n<br \/>Kaymakam Ali Ekber Ate\u015f, iftar yeme\u011finin sonras\u0131nda yapt\u0131\u011f\u0131 konu\u015fmada Ramazan ay\u0131n\u0131n payla\u015fman\u0131n, dayan\u0131\u015fman\u0131n, birlik ve beraberli\u011fin en g\u00fczel \u015fekilde hissedildi\u011fi m\u00fcstesna bir zaman dilimi oldu\u011funu vurgulad\u0131. Ayn\u0131 sofrada ayn\u0131 duaya \u2019amin\u2019 demenin hem manevi bir huzur hem de kurumsal anlamda g\u00fc\u00e7l\u00fc bir birliktelik kazand\u0131rd\u0131\u011f\u0131n\u0131 belirterek &#8220;\u00d6\u011frencilerimize teknolojik a\u00e7\u0131dan donan\u0131ml\u0131 bireyler olmalar\u0131n\u0131 \u00f6\u011f\u00fctlerken \u00f6\u011fretmenlerimizi de bu alanda e\u011fitimlerle destekliyoruz. \u00c7\u00fcnk\u00fc g\u00f6z bebe\u011fimiz olan yavrular\u0131m\u0131z\u0131 \u00f6\u011fretmenlerimize emanet ediyoruz. \u00d6\u011frencilerimizin iyi e\u011fitimli olmalar\u0131, onlar\u0131n gelecekte planl\u0131 ve do\u011fru se\u00e7ilmi\u015f mesleklerle arzu ettikleri hayata kavu\u015fmalar\u0131 \u00f6nceli\u011fimizdir. Ayr\u0131ca \u00f6\u011frencilerimizin \u00fclkemize, insan\u0131m\u0131za ve vatan\u0131m\u0131za hizmet ederek daha m\u00fcreffeh bir \u00fclke olmas\u0131na katk\u0131 sa\u011flanmas\u0131 \u00e7ok k\u0131ymetlidir&#8221; dedi.<\/p>\n<p>Konu\u015fmas\u0131n\u0131n sonunda \u00f6\u011frencilerle bir arada iftar yeme\u011fi yemenin keyfinin bir ba\u015fka oldu\u011funu vurgulayan Ate\u015f, iftar programa destek veren g\u00f6steren velilere ve kat\u0131l\u0131m sa\u011flayan herkese te\u015fekk\u00fcrlerini iletti.<\/p>\n<p>\u00d6\u011frenciler istedi, \u00f6\u011fretmenleri yapt\u0131<br \/>\n<br \/>Kabaca \u0130lkokulu M\u00fcd\u00fcr\u00fc Ahmet Tokkaya da &#8220;Maarifin Kalbinde Ramazan&#8221; etkinlikleri kapsam\u0131nda bu y\u0131l bir\u00e7ok etkinlik yapt\u0131klar\u0131n\u0131, \u00f6\u011frencilerden gelen talep \u00fczerine okul bah\u00e7esinde aileleriyle \u00f6\u011fretmenleriyle birlikte iftar yapmay\u0131 planlad\u0131klar\u0131n\u0131 ve veli ve \u00f6\u011frencilerin kat\u0131l\u0131m\u0131 ile \u00e7ok g\u00fczel bir etkinlik ger\u00e7ekle\u015ftirdiklerini belirtti. \u00d6\u011frencilerine \u00f6m\u00fcr boyu unutamayacaklar\u0131 bir an\u0131 ya\u015fatt\u0131klar\u0131n\u0131 ifade eden Tokkaya, destek veren t\u00fcm veli ve kat\u0131l\u0131mc\u0131lara te\u015fekk\u00fcr ettiklerini s\u00f6yledi. Ramazan ay\u0131nda farkl\u0131 etkinliklerle e\u011fitim-\u00f6\u011fretime devam edeceklerini de s\u00f6zlerine ekledi.<\/p>\n<p>\u00d6\u011frenciler ve \u00f6\u011frenci velileri de yapt\u0131klar\u0131 konu\u015fmalarda Ramazan ay\u0131n\u0131n birlik, beraberlik ruhunu ya\u015fatt\u0131\u011f\u0131n\u0131 ifade ettiler.<br \/><\/p>\n","protected":false},"excerpt":{"rendered":"<p>Ayd\u0131n\u2019da anas\u0131n\u0131f\u0131 ile birlikte toplamda 3 s\u0131n\u0131f\u0131 bulunan Sultanhisar Kabaca \u0130lkokulu\u2019nda e\u011fitim g\u00f6ren 27 \u00f6\u011frenci, \u00f6\u011fretmenlerinden \u00f6\u011frendikleri Ramazan ay\u0131 ve oru\u00e7 tutman\u0131n maneviyat\u0131n\u0131 ya\u015famak i\u00e7in \u00f6\u011fretmen ve velilerine iftar yeme\u011fi verdi. Kendi har\u00e7l\u0131klar\u0131n\u0131n yan\u0131 s\u0131ra anne, baba ve \u00f6\u011fretmenlerinin de deste\u011fi ile pirin\u00e7, kuru fasulye, tavuk, \u00e7orbal\u0131k arpac\u0131k, nohut ve salata malzemeleri, marul, tulumba tatl\u0131s\u0131&#8230;<\/p>\n","protected":false},"author":1,"featured_media":91030,"comment_status":"open","ping_status":"open","sticky":false,"template":"","format":"standard","meta":{"_crdt_document":"","footnotes":""},"categories":[1],"tags":[],"class_list":["post-91029","post","type-post","status-publish","format-standard","has-post-thumbnail","hentry","category-guncel"],"_links":{"self":[{"href":"https:\/\/www.egemtv.com\/index.php?rest_route=\/wp\/v2\/posts\/91029","targetHints":{"allow":["GET"]}}],"collection":[{"href":"https:\/\/www.egemtv.com\/index.php?rest_route=\/wp\/v2\/posts"}],"about":[{"href":"https:\/\/www.egemtv.com\/index.php?rest_route=\/wp\/v2\/types\/post"}],"author":[{"embeddable":true,"href":"https:\/\/www.egemtv.com\/index.php?rest_route=\/wp\/v2\/users\/1"}],"replies":[{"embeddable":true,"href":"https:\/\/www.egemtv.com\/index.php?rest_route=%2Fwp%2Fv2%2Fcomments&post=91029"}],"version-history":[{"count":1,"href":"https:\/\/www.egemtv.com\/index.php?rest_route=\/wp\/v2\/posts\/91029\/revisions"}],"predecessor-version":[{"id":91031,"href":"https:\/\/www.egemtv.com\/index.php?rest_route=\/wp\/v2\/posts\/91029\/revisions\/91031"}],"wp:featuredmedia":[{"embeddable":true,"href":"https:\/\/www.egemtv.com\/index.php?rest_route=\/wp\/v2\/media\/91030"}],"wp:attachment":[{"href":"https:\/\/www.egemtv.com\/index.php?rest_route=%2Fwp%2Fv2%2Fmedia&parent=91029"}],"wp:term":[{"taxonomy":"category","embeddable":true,"href":"https:\/\/www.egemtv.com\/index.php?rest_route=%2Fwp%2Fv2%2Fcategories&post=91029"},{"taxonomy":"post_tag","embeddable":true,"href":"https:\/\/www.egemtv.com\/index.php?rest_route=%2Fwp%2Fv2%2Ftags&post=91029"}],"curies":[{"name":"wp","href":"https:\/\/api.w.org\/{rel}","templated":true}]}}