{"id":91026,"date":"2026-02-28T12:14:54","date_gmt":"2026-02-28T09:14:54","guid":{"rendered":"https:\/\/www.egemtv.com\/?p=91026"},"modified":"2026-02-28T12:14:55","modified_gmt":"2026-02-28T09:14:55","slug":"vali-canbolat-karanlik-zihniyetin-hortlatmasina-asla-izin-vermeyecegiz","status":"publish","type":"post","link":"https:\/\/www.egemtv.com\/?p=91026","title":{"rendered":"Vali Canbolat: &#8220;Karanl\u0131k zihniyetin hortlatmas\u0131na asla izin vermeyece\u011fiz&#8221;"},"content":{"rendered":"<p>Ayd\u0131n Valisi Yakup Canbolat, 28 \u015eubat post-modern darbesinin y\u0131l d\u00f6n\u00fcm\u00fcnde yapt\u0131\u011f\u0131 a\u00e7\u0131klamada, &#8220;Bir daha hi\u00e7 kimsenin 28 \u015eubat\u2019\u0131n karanl\u0131k zihniyetini hortlatmas\u0131na asla izin vermeyece\u011fiz&#8221; dedi.<br \/>\n<br \/>28 \u015eubat darbesinin 29\u2019ncu y\u0131l d\u00f6n\u00fcm\u00fc dolay\u0131s\u0131yla Ayd\u0131n Valisi Yakup Canbolat, a\u00e7\u0131klamalarda bulundu. Karanl\u0131k zihniyetin tekrar hortlamas\u0131na izin vermeyeceklerinin alt\u0131n\u0131 \u00e7izen Vali Canbolat, a\u00e7\u0131klamas\u0131nda &#8220;28 \u015eubat post-modern darbesini 29. y\u0131l\u0131nda lanetliyorum, k\u0131n\u0131yorum. Millet iradesine vurulmaya \u00e7al\u0131\u015f\u0131lan darbe, yine milletimizin iradesiyle tarihin karanl\u0131\u011f\u0131na g\u00f6m\u00fclm\u00fc\u015ft\u00fcr. Bir daha hi\u00e7 kimsenin 28 \u015eubat\u2019\u0131n karanl\u0131k zihniyetini hortlatmas\u0131na asla izin vermeyece\u011fiz&#8221; ifadelerine yer verdi.<br \/><\/p>\n","protected":false},"excerpt":{"rendered":"<p>Ayd\u0131n Valisi Yakup Canbolat, 28 \u015eubat post-modern darbesinin y\u0131l d\u00f6n\u00fcm\u00fcnde yapt\u0131\u011f\u0131 a\u00e7\u0131klamada, &#8220;Bir daha hi\u00e7 kimsenin 28 \u015eubat\u2019\u0131n karanl\u0131k zihniyetini hortlatmas\u0131na asla izin vermeyece\u011fiz&#8221; dedi. 28 \u015eubat darbesinin 29\u2019ncu y\u0131l d\u00f6n\u00fcm\u00fc dolay\u0131s\u0131yla Ayd\u0131n Valisi Yakup Canbolat, a\u00e7\u0131klamalarda bulundu. Karanl\u0131k zihniyetin tekrar hortlamas\u0131na izin vermeyeceklerinin alt\u0131n\u0131 \u00e7izen Vali Canbolat, a\u00e7\u0131klamas\u0131nda &#8220;28 \u015eubat post-modern darbesini 29. y\u0131l\u0131nda&#8230;<\/p>\n","protected":false},"author":1,"featured_media":91027,"comment_status":"open","ping_status":"open","sticky":false,"template":"","format":"standard","meta":{"_crdt_document":"","footnotes":""},"categories":[1],"tags":[],"class_list":["post-91026","post","type-post","status-publish","format-standard","has-post-thumbnail","hentry","category-guncel"],"_links":{"self":[{"href":"https:\/\/www.egemtv.com\/index.php?rest_route=\/wp\/v2\/posts\/91026","targetHints":{"allow":["GET"]}}],"collection":[{"href":"https:\/\/www.egemtv.com\/index.php?rest_route=\/wp\/v2\/posts"}],"about":[{"href":"https:\/\/www.egemtv.com\/index.php?rest_route=\/wp\/v2\/types\/post"}],"author":[{"embeddable":true,"href":"https:\/\/www.egemtv.com\/index.php?rest_route=\/wp\/v2\/users\/1"}],"replies":[{"embeddable":true,"href":"https:\/\/www.egemtv.com\/index.php?rest_route=%2Fwp%2Fv2%2Fcomments&post=91026"}],"version-history":[{"count":1,"href":"https:\/\/www.egemtv.com\/index.php?rest_route=\/wp\/v2\/posts\/91026\/revisions"}],"predecessor-version":[{"id":91028,"href":"https:\/\/www.egemtv.com\/index.php?rest_route=\/wp\/v2\/posts\/91026\/revisions\/91028"}],"wp:featuredmedia":[{"embeddable":true,"href":"https:\/\/www.egemtv.com\/index.php?rest_route=\/wp\/v2\/media\/91027"}],"wp:attachment":[{"href":"https:\/\/www.egemtv.com\/index.php?rest_route=%2Fwp%2Fv2%2Fmedia&parent=91026"}],"wp:term":[{"taxonomy":"category","embeddable":true,"href":"https:\/\/www.egemtv.com\/index.php?rest_route=%2Fwp%2Fv2%2Fcategories&post=91026"},{"taxonomy":"post_tag","embeddable":true,"href":"https:\/\/www.egemtv.com\/index.php?rest_route=%2Fwp%2Fv2%2Ftags&post=91026"}],"curies":[{"name":"wp","href":"https:\/\/api.w.org\/{rel}","templated":true}]}}