{"id":91023,"date":"2026-02-28T12:14:53","date_gmt":"2026-02-28T09:14:53","guid":{"rendered":"https:\/\/www.egemtv.com\/?p=91023"},"modified":"2026-02-28T12:14:54","modified_gmt":"2026-02-28T09:14:54","slug":"muosb-baskani-kivirciktan-sanayicilere-tek-yumruk-cagrisi","status":"publish","type":"post","link":"https:\/\/www.egemtv.com\/?p=91023","title":{"rendered":"MUOSB Ba\u015fkan\u0131 K\u0131v\u0131rc\u0131k\u2019tan sanayicilere &#8220;Tek yumruk&#8221; \u00e7a\u011fr\u0131s\u0131"},"content":{"rendered":"<p>Muradiye Organize Sanayi B\u00f6lgesi Y\u00f6netim Kurulu Ba\u015fkan\u0131 Osman K\u0131v\u0131rc\u0131k, Manisa Sanayici ve \u0130\u015f \u0130nsanlar\u0131 Derne\u011fi (MANS\u0130AD) taraf\u0131ndan d\u00fczenlenen iftar program\u0131na kat\u0131ld\u0131. Gecede konu\u015fma yapan K\u0131v\u0131rc\u0131k, Manisa\u2019n\u0131n ekonomik geli\u015fimi i\u00e7in birlik ve beraberlik vurgusu yapt\u0131.<br \/>\n<br \/>Sanayicilere &#8220;Tek yumruk&#8221; olma \u00e7a\u011fr\u0131s\u0131nda bulunan K\u0131v\u0131rc\u0131k, Manisa\u2019n\u0131n b\u00fcy\u00fcmesi ad\u0131na at\u0131lan olumlu ad\u0131mlar\u0131n \u00f6n\u00fcn\u00fcn kesilmemesi gerekti\u011fini belirterek, &#8220;Manisa\u2019n\u0131n geli\u015fmesi ve b\u00fcy\u00fcmesi i\u00e7in yap\u0131lan iyi \u015feylerin baz\u0131 stat\u00fckocu gruplar taraf\u0131ndan engellenmemesi gerekiyor. Sanayiciler olarak ortak hedeflerde bulu\u015fmal\u0131 ve birlikte hareket etmeliyiz&#8221; dedi.<br \/>\n<br \/>Manisa\u2019n\u0131n ge\u00e7mi\u015fte daha \u00e7ok tar\u0131m kenti kimli\u011fiyle \u00f6ne \u00e7\u0131kt\u0131\u011f\u0131n\u0131 hat\u0131rlatan K\u0131v\u0131rc\u0131k, son y\u0131llarda sanayide kaydedilen ilerlemelerle \u015fehrin yeni bir kimlik kazand\u0131\u011f\u0131n\u0131 ifade etti. Bu d\u00f6n\u00fc\u015f\u00fcm\u00fcn en somut \u00f6rneklerinden birinin, BYD\u2019nin Manisa Organize Sanayi B\u00f6lgesi\u2019de ger\u00e7ekle\u015ftirece\u011fi yat\u0131r\u0131m oldu\u011funu s\u00f6yledi. Muradiye OSB\u2019nin son d\u00f6rt y\u0131lda \u00f6nemli bir b\u00fcy\u00fcme kaydetti\u011fini dile getiren K\u0131v\u0131rc\u0131k, b\u00f6lge s\u0131n\u0131rlar\u0131n\u0131n 3 bin d\u00f6n\u00fcmden 7 bin d\u00f6n\u00fcme \u00e7\u0131kar\u0131ld\u0131\u011f\u0131n\u0131 belirtti. Bu geni\u015flemenin Manisa\u2019da planl\u0131 ve d\u00fczenli sanayile\u015fmenin \u00f6n\u00fcn\u00fc a\u00e7t\u0131\u011f\u0131n\u0131 kaydeden K\u0131v\u0131rc\u0131k, &#8220;Bu geli\u015fmeler Manisa\u2019y\u0131 T\u00fcrkiye\u2019nin sanayi \u015fehirleri aras\u0131nda parlayan bir y\u0131ld\u0131z haline getiriyor&#8221; ifadelerini kulland\u0131.<br \/>\n<br \/>Konu\u015fmas\u0131nda &#8220;Work&amp;Life&#8221; projelerine de de\u011finen K\u0131v\u0131rc\u0131k, en b\u00fcy\u00fck hayallerinden birini hayata ge\u00e7irdiklerini s\u00f6yledi. Kuzey hatt\u0131nda, konut ve villalar b\u00f6lgesine kom\u015fu 2,5 kilometrelik alanda i\u015f ve ya\u015fam kamp\u00fcs\u00fc olu\u015fturduklar\u0131n\u0131 belirten K\u0131v\u0131rc\u0131k, alt katlar\u0131 ticari d\u00fckkan, \u00fcst katlar\u0131 home ofis olarak planlanan ve 8 etaptan olu\u015fan projenin ilk d\u00f6rt etab\u0131n\u0131n temelinin bayram sonras\u0131 at\u0131laca\u011f\u0131n\u0131 a\u00e7\u0131klad\u0131. Hava muhalefeti nedeniyle ertelenen temel atma t\u00f6reninin ard\u0131ndan birinci etab\u0131n temelinin at\u0131ld\u0131\u011f\u0131n\u0131 da s\u00f6zlerine ekledi.<br \/>\n<br \/>Ayn\u0131 hat \u00fczerinde bir anaokulu projesinin \u00e7al\u0131\u015fmalar\u0131na ba\u015flad\u0131klar\u0131n\u0131 belirten K\u0131v\u0131rc\u0131k, \u00e7ok ama\u00e7l\u0131 bir k\u00fclt\u00fcr ve sanat merkezinin de in\u015fa edilece\u011fini duyurdu. Manisa\u2019da ses sistemi ve sahne altyap\u0131s\u0131 \u00fcst d\u00fczey olan bir k\u00fclt\u00fcr sanat merkezi bulunmad\u0131\u011f\u0131n\u0131 ifade eden K\u0131v\u0131rc\u0131k, &#8220;Profesyonel tiyatro oyunlar\u0131n\u0131 Manisa\u2019ya getirmek istiyoruz. 2,5 kilometrelik bu hat tamamland\u0131\u011f\u0131nda, vatanda\u015flar\u0131m\u0131z\u0131n nefes ald\u0131\u011f\u0131; spor yapt\u0131\u011f\u0131, yeme-i\u00e7me ve al\u0131\u015fveri\u015f i\u00e7in tercih etti\u011fi bir ya\u015fam alan\u0131 ortaya \u00e7\u0131kacak&#8221; dedi.<br \/><\/p>\n","protected":false},"excerpt":{"rendered":"<p>Muradiye Organize Sanayi B\u00f6lgesi Y\u00f6netim Kurulu Ba\u015fkan\u0131 Osman K\u0131v\u0131rc\u0131k, Manisa Sanayici ve \u0130\u015f \u0130nsanlar\u0131 Derne\u011fi (MANS\u0130AD) taraf\u0131ndan d\u00fczenlenen iftar program\u0131na kat\u0131ld\u0131. Gecede konu\u015fma yapan K\u0131v\u0131rc\u0131k, Manisa\u2019n\u0131n ekonomik geli\u015fimi i\u00e7in birlik ve beraberlik vurgusu yapt\u0131. Sanayicilere &#8220;Tek yumruk&#8221; olma \u00e7a\u011fr\u0131s\u0131nda bulunan K\u0131v\u0131rc\u0131k, Manisa\u2019n\u0131n b\u00fcy\u00fcmesi ad\u0131na at\u0131lan olumlu ad\u0131mlar\u0131n \u00f6n\u00fcn\u00fcn kesilmemesi gerekti\u011fini belirterek, &#8220;Manisa\u2019n\u0131n geli\u015fmesi ve b\u00fcy\u00fcmesi&#8230;<\/p>\n","protected":false},"author":1,"featured_media":91024,"comment_status":"open","ping_status":"open","sticky":false,"template":"","format":"standard","meta":{"_crdt_document":"","footnotes":""},"categories":[125],"tags":[],"class_list":["post-91023","post","type-post","status-publish","format-standard","has-post-thumbnail","hentry","category-ekonomi"],"_links":{"self":[{"href":"https:\/\/www.egemtv.com\/index.php?rest_route=\/wp\/v2\/posts\/91023","targetHints":{"allow":["GET"]}}],"collection":[{"href":"https:\/\/www.egemtv.com\/index.php?rest_route=\/wp\/v2\/posts"}],"about":[{"href":"https:\/\/www.egemtv.com\/index.php?rest_route=\/wp\/v2\/types\/post"}],"author":[{"embeddable":true,"href":"https:\/\/www.egemtv.com\/index.php?rest_route=\/wp\/v2\/users\/1"}],"replies":[{"embeddable":true,"href":"https:\/\/www.egemtv.com\/index.php?rest_route=%2Fwp%2Fv2%2Fcomments&post=91023"}],"version-history":[{"count":1,"href":"https:\/\/www.egemtv.com\/index.php?rest_route=\/wp\/v2\/posts\/91023\/revisions"}],"predecessor-version":[{"id":91025,"href":"https:\/\/www.egemtv.com\/index.php?rest_route=\/wp\/v2\/posts\/91023\/revisions\/91025"}],"wp:featuredmedia":[{"embeddable":true,"href":"https:\/\/www.egemtv.com\/index.php?rest_route=\/wp\/v2\/media\/91024"}],"wp:attachment":[{"href":"https:\/\/www.egemtv.com\/index.php?rest_route=%2Fwp%2Fv2%2Fmedia&parent=91023"}],"wp:term":[{"taxonomy":"category","embeddable":true,"href":"https:\/\/www.egemtv.com\/index.php?rest_route=%2Fwp%2Fv2%2Fcategories&post=91023"},{"taxonomy":"post_tag","embeddable":true,"href":"https:\/\/www.egemtv.com\/index.php?rest_route=%2Fwp%2Fv2%2Ftags&post=91023"}],"curies":[{"name":"wp","href":"https:\/\/api.w.org\/{rel}","templated":true}]}}