{"id":91020,"date":"2026-02-28T12:14:52","date_gmt":"2026-02-28T09:14:52","guid":{"rendered":"https:\/\/www.egemtv.com\/?p=91020"},"modified":"2026-02-28T12:14:53","modified_gmt":"2026-02-28T09:14:53","slug":"baskan-sahin-28-subat-zihniyetinin-her-an-hortlayabilecegini-bir-kez-daha-idrak-ediyoruz","status":"publish","type":"post","link":"https:\/\/www.egemtv.com\/?p=91020","title":{"rendered":"Ba\u015fkan \u015eahin: &#8220;28 \u015eubat zihniyetinin her an hortlayabilece\u011fini bir kez daha idrak ediyoruz&#8221;"},"content":{"rendered":"<p>AK Parti Afyonkarahisar \u0130l Ba\u015fkan\u0131 Turgay \u015eahin 28 \u015eubat post-modern darbesinin y\u0131l d\u00f6n\u00fcm\u00fcnde yapt\u0131\u011f\u0131 a\u00e7\u0131klamada, &#8220;Son zamanlarda yine ba\u015f\u00f6rt\u00fcs\u00fc ve Anadolumuzun yerel k\u0131yafetlerine y\u00f6nelik \u00e7irkin tavr\u0131 g\u00f6rd\u00fck\u00e7e 28 \u015eubat zihniyetinin her an hortlayabilece\u011fini bir kez daha idrak ediyoruz&#8221; dedim<br \/>\n<br \/>28 \u015eubat darbesinin 29\u2019ncu y\u0131l d\u00f6n\u00fcm\u00fc dolay\u0131s\u0131yla bas\u0131n a\u00e7\u0131klamas\u0131 yapan Ba\u015fkan \u015eahin, darbeyi ve darbeci zihniyeti her zaman k\u0131nad\u0131klar\u0131n\u0131 ifade etti. Ba\u015fkan \u015eahin, &#8220;Ama\u00e7lar\u0131 itibar\u0131yla 27 May\u0131s neyse, 12 Eyl\u00fcl neyse, 27 Nisan neyse, 15 Temmuz neyse 28 \u015eubat da ayn\u0131 \u015fekilde bir darbedir. Hatta siyasetin yan\u0131 s\u0131ra topluma y\u00f6nelik de indirilmi\u015f a\u011f\u0131r bir darbeden bahsediyoruz. Sonu\u00e7lar\u0131n\u0131n nesillerce s\u00fcrmesi ama\u00e7lanan, hesapl\u0131 bir \u015fekilde kurgulanm\u0131\u015f bir darbedir. Bu \u00fclkenin insan\u0131n\u0131n milli ve manevi de\u011ferlerini hedef alm\u0131\u015f bir pusudur. AK Parti olarak 28 \u015eubat ve benzeri t\u00fcm darbeci ve vesayet\u00e7i giri\u015fimlerin kar\u015f\u0131s\u0131nda oldu\u011fumuzu burada bir kez daha ilan ediyoruz. \u0130ktidar\u0131m\u0131z d\u00f6neminde att\u0131\u011f\u0131m\u0131z ad\u0131mlarla vesayet odaklar\u0131n\u0131 teker teker \u00e7\u00f6kerttik. Milli iradeyi bu s\u00fcre\u00e7te yeniden in\u015fa ederek \u00fclkemizi ve milletimizi hak etti\u011fi demokrasi standard\u0131yla bulu\u015fturduk.<br \/>\n<br \/>Ancak son zamanlarda yine ba\u015f\u00f6rt\u00fcs\u00fc ve Anadolu\u2019muzun yerel k\u0131yafetlerine y\u00f6nelik \u00e7irkin tavr\u0131 g\u00f6rd\u00fck\u00e7e 28 \u015eubat zihniyetinin her an hortlayabilece\u011fini bir kez daha idrak ediyoruz. Maalesef baz\u0131lar\u0131 AK Parti iktidar\u0131 d\u00f6neminde at\u0131lan demokratikle\u015fme ad\u0131mlar\u0131yla hak ve \u00f6zg\u00fcrl\u00fckler noktas\u0131nda kaydedilen ilerlemeye ra\u011fmen hala i\u00e7inde bu k\u00f6hne zihniyeti ta\u015f\u0131yor.<br \/>\n<br \/>Bu anlamda milli iradenin in\u015fas\u0131 noktas\u0131nda demokrasi bilincinin, sivil iradenin, sand\u0131\u011f\u0131n g\u00fcc\u00fcn\u00fcn ne denli \u00f6nemli oldu\u011fu bir kez daha anla\u015f\u0131lmaktad\u0131r. Ancak bizler t\u00fcm bu engelleri milletimizle beraber a\u015fmaktan geri durmayaca\u011f\u0131z&#8221; dedi.<br \/>\n<br \/>\u00d6te yandan, bas\u0131n a\u00e7\u0131klamas\u0131na TBMM Ba\u015fkanl\u0131k Divan\u0131 \u00dcyesi Milletvekili Av. \u0130brahim Yurdunuseven de kat\u0131ld\u0131.<br \/><\/p>\n","protected":false},"excerpt":{"rendered":"<p>AK Parti Afyonkarahisar \u0130l Ba\u015fkan\u0131 Turgay \u015eahin 28 \u015eubat post-modern darbesinin y\u0131l d\u00f6n\u00fcm\u00fcnde yapt\u0131\u011f\u0131 a\u00e7\u0131klamada, &#8220;Son zamanlarda yine ba\u015f\u00f6rt\u00fcs\u00fc ve Anadolumuzun yerel k\u0131yafetlerine y\u00f6nelik \u00e7irkin tavr\u0131 g\u00f6rd\u00fck\u00e7e 28 \u015eubat zihniyetinin her an hortlayabilece\u011fini bir kez daha idrak ediyoruz&#8221; dedim 28 \u015eubat darbesinin 29\u2019ncu y\u0131l d\u00f6n\u00fcm\u00fc dolay\u0131s\u0131yla bas\u0131n a\u00e7\u0131klamas\u0131 yapan Ba\u015fkan \u015eahin, darbeyi ve darbeci zihniyeti&#8230;<\/p>\n","protected":false},"author":1,"featured_media":91021,"comment_status":"open","ping_status":"open","sticky":false,"template":"","format":"standard","meta":{"_crdt_document":"","footnotes":""},"categories":[127],"tags":[],"class_list":["post-91020","post","type-post","status-publish","format-standard","has-post-thumbnail","hentry","category-siyaset"],"_links":{"self":[{"href":"https:\/\/www.egemtv.com\/index.php?rest_route=\/wp\/v2\/posts\/91020","targetHints":{"allow":["GET"]}}],"collection":[{"href":"https:\/\/www.egemtv.com\/index.php?rest_route=\/wp\/v2\/posts"}],"about":[{"href":"https:\/\/www.egemtv.com\/index.php?rest_route=\/wp\/v2\/types\/post"}],"author":[{"embeddable":true,"href":"https:\/\/www.egemtv.com\/index.php?rest_route=\/wp\/v2\/users\/1"}],"replies":[{"embeddable":true,"href":"https:\/\/www.egemtv.com\/index.php?rest_route=%2Fwp%2Fv2%2Fcomments&post=91020"}],"version-history":[{"count":1,"href":"https:\/\/www.egemtv.com\/index.php?rest_route=\/wp\/v2\/posts\/91020\/revisions"}],"predecessor-version":[{"id":91022,"href":"https:\/\/www.egemtv.com\/index.php?rest_route=\/wp\/v2\/posts\/91020\/revisions\/91022"}],"wp:featuredmedia":[{"embeddable":true,"href":"https:\/\/www.egemtv.com\/index.php?rest_route=\/wp\/v2\/media\/91021"}],"wp:attachment":[{"href":"https:\/\/www.egemtv.com\/index.php?rest_route=%2Fwp%2Fv2%2Fmedia&parent=91020"}],"wp:term":[{"taxonomy":"category","embeddable":true,"href":"https:\/\/www.egemtv.com\/index.php?rest_route=%2Fwp%2Fv2%2Fcategories&post=91020"},{"taxonomy":"post_tag","embeddable":true,"href":"https:\/\/www.egemtv.com\/index.php?rest_route=%2Fwp%2Fv2%2Ftags&post=91020"}],"curies":[{"name":"wp","href":"https:\/\/api.w.org\/{rel}","templated":true}]}}