{"id":91014,"date":"2026-02-28T11:54:53","date_gmt":"2026-02-28T08:54:53","guid":{"rendered":"https:\/\/www.egemtv.com\/?p=91014"},"modified":"2026-02-28T11:54:53","modified_gmt":"2026-02-28T08:54:53","slug":"salihlide-3-ay-surecek-yasak-yarin-basliyor","status":"publish","type":"post","link":"https:\/\/www.egemtv.com\/?p=91014","title":{"rendered":"Salihli\u2019de 3 ay s\u00fcrecek yasak yar\u0131n ba\u015fl\u0131yor"},"content":{"rendered":"<p>Manisa\u2019n\u0131n Salihli il\u00e7esinde i\u00e7 sularda uygulanacak 3 ayl\u0131k bal\u0131k av\u0131 yasa\u011f\u0131 1 Mart itibar\u0131yla ba\u015fl\u0131yor. Yasak, 1 Haziran tarihinde sona erecek.<br \/>\n<br \/>Salihli \u0130l\u00e7e Tar\u0131m ve Orman M\u00fcd\u00fcrl\u00fc\u011f\u00fc taraf\u0131ndan yap\u0131lan a\u00e7\u0131klamada, il\u00e7e s\u0131n\u0131rlar\u0131 i\u00e7erisinde bulunan g\u00f6l, g\u00f6let, baraj g\u00f6l\u00fc, akarsu ve benzeri t\u00fcm i\u00e7 sularda su \u00fcr\u00fcnleri avc\u0131l\u0131\u011f\u0131n\u0131n 1 Mart &#8211; 1 Haziran tarihleri aras\u0131nda yasak oldu\u011fu bildirildi. A\u00e7\u0131klamada, bal\u0131klar\u0131n \u00fcreme d\u00f6nemi nedeniyle s\u00f6z konusu tarihler aras\u0131nda ticari ya da amat\u00f6r fark etmeksizin her t\u00fcrl\u00fc su \u00fcr\u00fcnleri avc\u0131l\u0131\u011f\u0131n\u0131n yap\u0131lamayaca\u011f\u0131 vurguland\u0131. Ayr\u0131ca men\u015fe belgesi ve di\u011fer gerekli belgeler olmadan bal\u0131k sat\u0131\u015f\u0131 ve naklinin de yasak oldu\u011fu ifade edildi.<br \/>\n<br \/>Yetkililer, yasa\u011fa uymayanlar hakk\u0131nda yasal i\u015flem uygulanaca\u011f\u0131n\u0131 belirterek vatanda\u015flar\u0131n kurallara riayet etmeleri \u00e7a\u011fr\u0131s\u0131nda bulundu.<br \/><\/p>\n","protected":false},"excerpt":{"rendered":"<p>Manisa\u2019n\u0131n Salihli il\u00e7esinde i\u00e7 sularda uygulanacak 3 ayl\u0131k bal\u0131k av\u0131 yasa\u011f\u0131 1 Mart itibar\u0131yla ba\u015fl\u0131yor. Yasak, 1 Haziran tarihinde sona erecek. Salihli \u0130l\u00e7e Tar\u0131m ve Orman M\u00fcd\u00fcrl\u00fc\u011f\u00fc taraf\u0131ndan yap\u0131lan a\u00e7\u0131klamada, il\u00e7e s\u0131n\u0131rlar\u0131 i\u00e7erisinde bulunan g\u00f6l, g\u00f6let, baraj g\u00f6l\u00fc, akarsu ve benzeri t\u00fcm i\u00e7 sularda su \u00fcr\u00fcnleri avc\u0131l\u0131\u011f\u0131n\u0131n 1 Mart &#8211; 1 Haziran tarihleri aras\u0131nda yasak&#8230;<\/p>\n","protected":false},"author":1,"featured_media":91015,"comment_status":"open","ping_status":"open","sticky":false,"template":"","format":"standard","meta":{"_crdt_document":"","footnotes":""},"categories":[125],"tags":[],"class_list":["post-91014","post","type-post","status-publish","format-standard","has-post-thumbnail","hentry","category-ekonomi"],"_links":{"self":[{"href":"https:\/\/www.egemtv.com\/index.php?rest_route=\/wp\/v2\/posts\/91014","targetHints":{"allow":["GET"]}}],"collection":[{"href":"https:\/\/www.egemtv.com\/index.php?rest_route=\/wp\/v2\/posts"}],"about":[{"href":"https:\/\/www.egemtv.com\/index.php?rest_route=\/wp\/v2\/types\/post"}],"author":[{"embeddable":true,"href":"https:\/\/www.egemtv.com\/index.php?rest_route=\/wp\/v2\/users\/1"}],"replies":[{"embeddable":true,"href":"https:\/\/www.egemtv.com\/index.php?rest_route=%2Fwp%2Fv2%2Fcomments&post=91014"}],"version-history":[{"count":1,"href":"https:\/\/www.egemtv.com\/index.php?rest_route=\/wp\/v2\/posts\/91014\/revisions"}],"predecessor-version":[{"id":91016,"href":"https:\/\/www.egemtv.com\/index.php?rest_route=\/wp\/v2\/posts\/91014\/revisions\/91016"}],"wp:featuredmedia":[{"embeddable":true,"href":"https:\/\/www.egemtv.com\/index.php?rest_route=\/wp\/v2\/media\/91015"}],"wp:attachment":[{"href":"https:\/\/www.egemtv.com\/index.php?rest_route=%2Fwp%2Fv2%2Fmedia&parent=91014"}],"wp:term":[{"taxonomy":"category","embeddable":true,"href":"https:\/\/www.egemtv.com\/index.php?rest_route=%2Fwp%2Fv2%2Fcategories&post=91014"},{"taxonomy":"post_tag","embeddable":true,"href":"https:\/\/www.egemtv.com\/index.php?rest_route=%2Fwp%2Fv2%2Ftags&post=91014"}],"curies":[{"name":"wp","href":"https:\/\/api.w.org\/{rel}","templated":true}]}}