{"id":91011,"date":"2026-02-28T11:54:51","date_gmt":"2026-02-28T08:54:51","guid":{"rendered":"https:\/\/www.egemtv.com\/?p=91011"},"modified":"2026-02-28T11:54:52","modified_gmt":"2026-02-28T08:54:52","slug":"salihlili-muhtarlar-yeni-baskanini-secti","status":"publish","type":"post","link":"https:\/\/www.egemtv.com\/?p=91011","title":{"rendered":"Salihlili muhtarlar yeni ba\u015fkan\u0131n\u0131 se\u00e7ti"},"content":{"rendered":"<p>T\u00fcrkiye Muhtarlar Derne\u011fi Salihli \u015eubesi ola\u011fan\u00fcst\u00fc genel kurul karar\u0131yla se\u00e7ime gitti. 2 aday\u0131n yar\u0131\u015ft\u0131\u011f\u0131 se\u00e7imi beyaz listeyle se\u00e7ime giren Mehmet Koruk kazand\u0131.<br \/>\n<br \/>Salihli U\u011fur Mumcu Park\u0131 i\u00e7erisinde bulunan dernek binas\u0131nda ger\u00e7ekle\u015ftirilen ola\u011fan\u00fcst\u00fc se\u00e7imde mevcut ba\u015fkan Mehmet \u00c7elik aday olmazken, beyaz ve mavi liste yar\u0131\u015ft\u0131. 102 \u00fcyenin oldu\u011fu dernekte toplamda 101 oy kullan\u0131l\u0131rken, Koca\u00e7e\u015fme Mahallesi Muhtar\u0131 Mehmet Koruk 56 oy ald\u0131. G\u00fcm\u00fc\u015f Mahallesi Muhtar\u0131 Faruk Bayram ise 45 oy ald\u0131. Sonu\u00e7lar\u0131n a\u00e7\u0131klanmas\u0131 ile birlikte iki aday birbirine sar\u0131larak birlik beraberlik mesaj\u0131 verdi. Mavi liste ile se\u00e7ime giren Faruk Bayram, rakibi Mehmet Koruk ve y\u00f6netimini tebrik etti.<br \/>\n<br \/>T\u00fcrkiye Muhtarlar Derne\u011fi Salihli \u015eubesi yeni y\u00f6netimi \u015f\u00f6yle olu\u015ftu; Mehmet Koruk, Gizem \u00c7elikel, Hidayet Ba\u015fg\u00f6n\u00fcl, S\u00fcleyman Kaya, Volkan Akbulut, Yahya Akyol, \u0130rfan A\u011f\u0131m, Halil Akayd\u0131n, Meryem Kuzu, Kadir Deniz, Murat Y\u0131ld\u0131r\u0131m.<br \/><\/p>\n","protected":false},"excerpt":{"rendered":"<p>T\u00fcrkiye Muhtarlar Derne\u011fi Salihli \u015eubesi ola\u011fan\u00fcst\u00fc genel kurul karar\u0131yla se\u00e7ime gitti. 2 aday\u0131n yar\u0131\u015ft\u0131\u011f\u0131 se\u00e7imi beyaz listeyle se\u00e7ime giren Mehmet Koruk kazand\u0131. Salihli U\u011fur Mumcu Park\u0131 i\u00e7erisinde bulunan dernek binas\u0131nda ger\u00e7ekle\u015ftirilen ola\u011fan\u00fcst\u00fc se\u00e7imde mevcut ba\u015fkan Mehmet \u00c7elik aday olmazken, beyaz ve mavi liste yar\u0131\u015ft\u0131. 102 \u00fcyenin oldu\u011fu dernekte toplamda 101 oy kullan\u0131l\u0131rken, Koca\u00e7e\u015fme Mahallesi Muhtar\u0131&#8230;<\/p>\n","protected":false},"author":1,"featured_media":91012,"comment_status":"open","ping_status":"open","sticky":false,"template":"","format":"standard","meta":{"_crdt_document":"","footnotes":""},"categories":[123],"tags":[],"class_list":["post-91011","post","type-post","status-publish","format-standard","has-post-thumbnail","hentry","category-gundem"],"_links":{"self":[{"href":"https:\/\/www.egemtv.com\/index.php?rest_route=\/wp\/v2\/posts\/91011","targetHints":{"allow":["GET"]}}],"collection":[{"href":"https:\/\/www.egemtv.com\/index.php?rest_route=\/wp\/v2\/posts"}],"about":[{"href":"https:\/\/www.egemtv.com\/index.php?rest_route=\/wp\/v2\/types\/post"}],"author":[{"embeddable":true,"href":"https:\/\/www.egemtv.com\/index.php?rest_route=\/wp\/v2\/users\/1"}],"replies":[{"embeddable":true,"href":"https:\/\/www.egemtv.com\/index.php?rest_route=%2Fwp%2Fv2%2Fcomments&post=91011"}],"version-history":[{"count":1,"href":"https:\/\/www.egemtv.com\/index.php?rest_route=\/wp\/v2\/posts\/91011\/revisions"}],"predecessor-version":[{"id":91013,"href":"https:\/\/www.egemtv.com\/index.php?rest_route=\/wp\/v2\/posts\/91011\/revisions\/91013"}],"wp:featuredmedia":[{"embeddable":true,"href":"https:\/\/www.egemtv.com\/index.php?rest_route=\/wp\/v2\/media\/91012"}],"wp:attachment":[{"href":"https:\/\/www.egemtv.com\/index.php?rest_route=%2Fwp%2Fv2%2Fmedia&parent=91011"}],"wp:term":[{"taxonomy":"category","embeddable":true,"href":"https:\/\/www.egemtv.com\/index.php?rest_route=%2Fwp%2Fv2%2Fcategories&post=91011"},{"taxonomy":"post_tag","embeddable":true,"href":"https:\/\/www.egemtv.com\/index.php?rest_route=%2Fwp%2Fv2%2Ftags&post=91011"}],"curies":[{"name":"wp","href":"https:\/\/api.w.org\/{rel}","templated":true}]}}