{"id":91008,"date":"2026-02-28T11:54:50","date_gmt":"2026-02-28T08:54:50","guid":{"rendered":"https:\/\/www.egemtv.com\/?p=91008"},"modified":"2026-02-28T11:54:51","modified_gmt":"2026-02-28T08:54:51","slug":"vali-gorevinin-ilk-gununde-iftarini-sehit-ailesinin-evinde-yapti","status":"publish","type":"post","link":"https:\/\/www.egemtv.com\/?p=91008","title":{"rendered":"Vali g\u00f6revinin ilk g\u00fcn\u00fcnde iftar\u0131n\u0131 \u015fehit ailesinin evinde yapt\u0131"},"content":{"rendered":"<p>Afyonkarahisar\u2019a yeni atanan Vali Dr. Naci Akta\u015f, g\u00f6revinin ilk g\u00fcn\u00fcnde iftar\u0131n\u0131 \u015fehit ailesinin evinde yapt\u0131.<br \/>\n<br \/>Vali Dr. Naci Akta\u015f ile e\u015fi Nagihan Akta\u015f kentteki ilk iftarlar\u0131n\u0131 Irak\u2019\u0131n kuzeyinde ge\u00e7ti\u011fimiz y\u0131l \u015fehit d\u00fc\u015fen Uzman \u00c7avu\u015f \u00d6nder \u00d6zen\u2019in e\u015fi Ye\u015fim \u00d6zen\u2019in evinde yapt\u0131.<br \/>\n<br \/>\u0130ftar\u0131n ard\u0131ndan bir a\u00e7\u0131klama yapan Vali Dr. Naci Akta\u015f, &#8220;\u015eehitlerimizin emaneti olan aileleri milletimizin kalbinde k\u0131ymetli bir yere sahiptir ve bizler her zaman yanlar\u0131nda olaca\u011f\u0131z&#8221; dedi.<br \/><\/p>\n","protected":false},"excerpt":{"rendered":"<p>Afyonkarahisar\u2019a yeni atanan Vali Dr. Naci Akta\u015f, g\u00f6revinin ilk g\u00fcn\u00fcnde iftar\u0131n\u0131 \u015fehit ailesinin evinde yapt\u0131. Vali Dr. Naci Akta\u015f ile e\u015fi Nagihan Akta\u015f kentteki ilk iftarlar\u0131n\u0131 Irak\u2019\u0131n kuzeyinde ge\u00e7ti\u011fimiz y\u0131l \u015fehit d\u00fc\u015fen Uzman \u00c7avu\u015f \u00d6nder \u00d6zen\u2019in e\u015fi Ye\u015fim \u00d6zen\u2019in evinde yapt\u0131. \u0130ftar\u0131n ard\u0131ndan bir a\u00e7\u0131klama yapan Vali Dr. Naci Akta\u015f, &#8220;\u015eehitlerimizin emaneti olan aileleri milletimizin&#8230;<\/p>\n","protected":false},"author":1,"featured_media":91009,"comment_status":"open","ping_status":"open","sticky":false,"template":"","format":"standard","meta":{"_crdt_document":"","footnotes":""},"categories":[1],"tags":[],"class_list":["post-91008","post","type-post","status-publish","format-standard","has-post-thumbnail","hentry","category-guncel"],"_links":{"self":[{"href":"https:\/\/www.egemtv.com\/index.php?rest_route=\/wp\/v2\/posts\/91008","targetHints":{"allow":["GET"]}}],"collection":[{"href":"https:\/\/www.egemtv.com\/index.php?rest_route=\/wp\/v2\/posts"}],"about":[{"href":"https:\/\/www.egemtv.com\/index.php?rest_route=\/wp\/v2\/types\/post"}],"author":[{"embeddable":true,"href":"https:\/\/www.egemtv.com\/index.php?rest_route=\/wp\/v2\/users\/1"}],"replies":[{"embeddable":true,"href":"https:\/\/www.egemtv.com\/index.php?rest_route=%2Fwp%2Fv2%2Fcomments&post=91008"}],"version-history":[{"count":1,"href":"https:\/\/www.egemtv.com\/index.php?rest_route=\/wp\/v2\/posts\/91008\/revisions"}],"predecessor-version":[{"id":91010,"href":"https:\/\/www.egemtv.com\/index.php?rest_route=\/wp\/v2\/posts\/91008\/revisions\/91010"}],"wp:featuredmedia":[{"embeddable":true,"href":"https:\/\/www.egemtv.com\/index.php?rest_route=\/wp\/v2\/media\/91009"}],"wp:attachment":[{"href":"https:\/\/www.egemtv.com\/index.php?rest_route=%2Fwp%2Fv2%2Fmedia&parent=91008"}],"wp:term":[{"taxonomy":"category","embeddable":true,"href":"https:\/\/www.egemtv.com\/index.php?rest_route=%2Fwp%2Fv2%2Fcategories&post=91008"},{"taxonomy":"post_tag","embeddable":true,"href":"https:\/\/www.egemtv.com\/index.php?rest_route=%2Fwp%2Fv2%2Ftags&post=91008"}],"curies":[{"name":"wp","href":"https:\/\/api.w.org\/{rel}","templated":true}]}}