{"id":91005,"date":"2026-02-28T11:54:49","date_gmt":"2026-02-28T08:54:49","guid":{"rendered":"https:\/\/www.egemtv.com\/?p=91005"},"modified":"2026-02-28T11:54:50","modified_gmt":"2026-02-28T08:54:50","slug":"genc-eller-gecmisin-izlerini-seramik-ile-sekillendirdi","status":"publish","type":"post","link":"https:\/\/www.egemtv.com\/?p=91005","title":{"rendered":"Gen\u00e7 eller ge\u00e7mi\u015fin izlerini seramik ile \u015fekillendirdi"},"content":{"rendered":"<p>Mente\u015fe Gen\u00e7lik ve Spor \u0130l\u00e7e M\u00fcd\u00fcrl\u00fc\u011f\u00fc b\u00fcnyesindeki K\u00f6tekli Gen\u00e7lik Merkezi (Gen\u00e7 Ofis), \u00fcniversite gen\u00e7lerini k\u00fclt\u00fcrel miras bilinciyle bulu\u015fturan &#8220;Ge\u00e7mi\u015fin \u0130zlerini Seramik ile \u015eekillendiriyoruz&#8221; projesini ba\u015far\u0131yla tamamlad\u0131.<\/p>\n<p>Mu\u011fla\u2019da \u00f6\u011frenim g\u00f6ren 25 \u00fcniversite \u00f6\u011frencisinin kat\u0131l\u0131m\u0131yla ger\u00e7ekle\u015fen program, gen\u00e7lere sadece sanatsal bir deneyim sunmakla kalmad\u0131, ayn\u0131 zamanda tarih bilinci, proje \u00fcretimi ve sosyal etkile\u015fim alanlar\u0131nda geni\u015f bir vizyon kazand\u0131rd\u0131. Projenin en dikkat \u00e7ekici dura\u011f\u0131, &#8220;D\u00fcnyan\u0131n en b\u00fcy\u00fck mermer kenti&#8221; olarak bilinen Yata\u011fan Stratonikeia Antik Kenti oldu. Gen\u00e7ler, binlerce y\u0131ll\u0131k tarihin g\u00f6lgesinde ger\u00e7ekle\u015ftirilen seramik at\u00f6lyesinde, antik d\u00f6nemin form ve motiflerinden ilham alarak kendi eserlerini \u00fcrettiler. Tarihi atmosferde yap\u0131lan bu uygulama, k\u00fclt\u00fcrel miras\u0131 yerinde \u00f6\u011frenme ve ya\u015fatma f\u0131rsat\u0131 sundu. Program, sadece \u00e7amurla \u015fekillenen bir at\u00f6lyeden ibaret kalmad\u0131. S\u00fcre\u00e7 \u015fu a\u015famalarla zenginle\u015ftirildi: Anadolu\u2019nun kadim seramik gelene\u011fi ve arkeolojik buluntular\u0131n \u00f6nemi \u00fczerine kapsaml\u0131 bilgilendirme yap\u0131ld\u0131. Gen\u00e7lere fikir geli\u015ftirme, b\u00fct\u00e7e planlama ve ba\u015fvuru s\u00fcre\u00e7lerine dair profesyonel e\u011fitim verildi. E\u011fitim alan gen\u00e7ler, haz\u0131rlad\u0131klar\u0131 k\u00fclt\u00fcrel miras temal\u0131 projelerini \u00dcN\u0130DES program\u0131na sunarak fikirlerini somut birer resmi ba\u015fvuruya d\u00f6n\u00fc\u015ft\u00fcrd\u00fcler. Mente\u015fe Gen\u00e7lik ve Spor \u0130l\u00e7e M\u00fcd\u00fcrl\u00fc\u011f\u00fc yetkilileri, gen\u00e7lerin \u00f6zg\u00fcven kazanmas\u0131na ve topluluk \u00f6n\u00fcnde ifade becerilerini geli\u015ftirmesine katk\u0131 sa\u011flayan bu t\u00fcr projelerin artarak devam edece\u011fini vurgulad\u0131.<br \/><\/p>\n","protected":false},"excerpt":{"rendered":"<p>Mente\u015fe Gen\u00e7lik ve Spor \u0130l\u00e7e M\u00fcd\u00fcrl\u00fc\u011f\u00fc b\u00fcnyesindeki K\u00f6tekli Gen\u00e7lik Merkezi (Gen\u00e7 Ofis), \u00fcniversite gen\u00e7lerini k\u00fclt\u00fcrel miras bilinciyle bulu\u015fturan &#8220;Ge\u00e7mi\u015fin \u0130zlerini Seramik ile \u015eekillendiriyoruz&#8221; projesini ba\u015far\u0131yla tamamlad\u0131. Mu\u011fla\u2019da \u00f6\u011frenim g\u00f6ren 25 \u00fcniversite \u00f6\u011frencisinin kat\u0131l\u0131m\u0131yla ger\u00e7ekle\u015fen program, gen\u00e7lere sadece sanatsal bir deneyim sunmakla kalmad\u0131, ayn\u0131 zamanda tarih bilinci, proje \u00fcretimi ve sosyal etkile\u015fim alanlar\u0131nda geni\u015f bir vizyon&#8230;<\/p>\n","protected":false},"author":1,"featured_media":91006,"comment_status":"open","ping_status":"open","sticky":false,"template":"","format":"standard","meta":{"_crdt_document":"","footnotes":""},"categories":[1],"tags":[],"class_list":["post-91005","post","type-post","status-publish","format-standard","has-post-thumbnail","hentry","category-guncel"],"_links":{"self":[{"href":"https:\/\/www.egemtv.com\/index.php?rest_route=\/wp\/v2\/posts\/91005","targetHints":{"allow":["GET"]}}],"collection":[{"href":"https:\/\/www.egemtv.com\/index.php?rest_route=\/wp\/v2\/posts"}],"about":[{"href":"https:\/\/www.egemtv.com\/index.php?rest_route=\/wp\/v2\/types\/post"}],"author":[{"embeddable":true,"href":"https:\/\/www.egemtv.com\/index.php?rest_route=\/wp\/v2\/users\/1"}],"replies":[{"embeddable":true,"href":"https:\/\/www.egemtv.com\/index.php?rest_route=%2Fwp%2Fv2%2Fcomments&post=91005"}],"version-history":[{"count":1,"href":"https:\/\/www.egemtv.com\/index.php?rest_route=\/wp\/v2\/posts\/91005\/revisions"}],"predecessor-version":[{"id":91007,"href":"https:\/\/www.egemtv.com\/index.php?rest_route=\/wp\/v2\/posts\/91005\/revisions\/91007"}],"wp:featuredmedia":[{"embeddable":true,"href":"https:\/\/www.egemtv.com\/index.php?rest_route=\/wp\/v2\/media\/91006"}],"wp:attachment":[{"href":"https:\/\/www.egemtv.com\/index.php?rest_route=%2Fwp%2Fv2%2Fmedia&parent=91005"}],"wp:term":[{"taxonomy":"category","embeddable":true,"href":"https:\/\/www.egemtv.com\/index.php?rest_route=%2Fwp%2Fv2%2Fcategories&post=91005"},{"taxonomy":"post_tag","embeddable":true,"href":"https:\/\/www.egemtv.com\/index.php?rest_route=%2Fwp%2Fv2%2Ftags&post=91005"}],"curies":[{"name":"wp","href":"https:\/\/api.w.org\/{rel}","templated":true}]}}