{"id":90999,"date":"2026-02-28T11:35:17","date_gmt":"2026-02-28T08:35:17","guid":{"rendered":"https:\/\/www.egemtv.com\/?p=90999"},"modified":"2026-02-28T11:35:18","modified_gmt":"2026-02-28T08:35:18","slug":"baskan-sayarkayitli-ekonominin-guclenmesinde-kritik-bir-rol-ustleniyoruz","status":"publish","type":"post","link":"https:\/\/www.egemtv.com\/?p=90999","title":{"rendered":"Ba\u015fkan Sayar:&#8221;Kay\u0131tl\u0131 ekonominin g\u00fc\u00e7lenmesinde kritik bir rol \u00fcstleniyoruz&#8221;"},"content":{"rendered":"<p>Afyonkarahisar Serbest Muhasebeci Mali M\u00fc\u015favirler Odas\u0131 Ba\u015fkan\u0131 Erdal Sayar, muhasebeci ve mali m\u00fc\u015favirlerin i\u015fletmelerin mali yap\u0131s\u0131n\u0131n do\u011fru \u015fekilde y\u00f6netilmesinde, kamu y\u00fck\u00fcml\u00fcl\u00fcklerinin zaman\u0131nda ve do\u011fru yerine getirilmesinde ve kay\u0131tl\u0131 ekonominin g\u00fc\u00e7lenmesinde kritik bir rol \u00fcstlendi\u011fini ifade etti.<br \/>\n<br \/>Ba\u015fkan Sayar, 1-7 Mart Muhasebe Haftas\u0131 dolay\u0131s\u0131yla yapt\u0131\u011f\u0131 bas\u0131n a\u00e7\u0131klamas\u0131nda, mali m\u00fc\u015favirlik mesle\u011finin \u00fclke ve il ekonomisinin s\u00fcrd\u00fcr\u00fclebilirli\u011fi a\u00e7\u0131s\u0131ndan vazge\u00e7ilmez bir g\u00f6rev \u00fcstlendi\u011fini kaydetti. Ba\u015fkan Sayar, Afyonkarahisar\u2019\u0131n g\u00fc\u00e7l\u00fc ticari yap\u0131s\u0131, geli\u015fen sanayisi, \u00fcretim g\u00fcc\u00fc ve dinamik esnaf yap\u0131s\u0131n\u0131n sa\u011fl\u0131kl\u0131 \u015fekilde ilerlemesinde mali m\u00fc\u015favirlerin \u00f6nemli bir sorumluluk ta\u015f\u0131d\u0131\u011f\u0131n\u0131 belirterek, &#8220;Meslek mensuplar\u0131m\u0131z; i\u015fletmelerimizin mali yap\u0131s\u0131n\u0131n do\u011fru \u015fekilde y\u00f6netilmesinde, kamu y\u00fck\u00fcml\u00fcl\u00fcklerinin zaman\u0131nda ve do\u011fru yerine getirilmesinde ve kay\u0131tl\u0131 ekonominin g\u00fc\u00e7lenmesinde kritik bir rol \u00fcstlenmektedir. Mali m\u00fc\u015favirlerimiz, devletimiz ile m\u00fckelleflerimiz aras\u0131nda g\u00fcvene dayal\u0131 \u00f6nemli bir k\u00f6pr\u00fc vazifesi g\u00f6rmektedir&#8221; dedi.<br \/>\n<br \/>Vergi bilincinin art\u0131r\u0131lmas\u0131, mali \u015feffafl\u0131\u011f\u0131n sa\u011flanmas\u0131 ve ekonomik istikrar\u0131n korunmas\u0131nda mali m\u00fc\u015favirlerin katk\u0131s\u0131n\u0131n b\u00fcy\u00fck oldu\u011funu vurgulayan Erdal Sayar, \u00f6zellikle dijital d\u00f6n\u00fc\u015f\u00fcm s\u00fcreci, e-d\u00f6n\u00fc\u015f\u00fcm uygulamalar\u0131, s\u00fcrekli de\u011fi\u015fen mevzuat ve artan sorumluluklara ra\u011fmen meslek mensuplar\u0131n\u0131n g\u00f6revlerini b\u00fcy\u00fck bir \u00f6zveri ve fedak\u00e2rl\u0131kla yerine getirdi\u011fini dile getirdi.<br \/><\/p>\n","protected":false},"excerpt":{"rendered":"<p>Afyonkarahisar Serbest Muhasebeci Mali M\u00fc\u015favirler Odas\u0131 Ba\u015fkan\u0131 Erdal Sayar, muhasebeci ve mali m\u00fc\u015favirlerin i\u015fletmelerin mali yap\u0131s\u0131n\u0131n do\u011fru \u015fekilde y\u00f6netilmesinde, kamu y\u00fck\u00fcml\u00fcl\u00fcklerinin zaman\u0131nda ve do\u011fru yerine getirilmesinde ve kay\u0131tl\u0131 ekonominin g\u00fc\u00e7lenmesinde kritik bir rol \u00fcstlendi\u011fini ifade etti. Ba\u015fkan Sayar, 1-7 Mart Muhasebe Haftas\u0131 dolay\u0131s\u0131yla yapt\u0131\u011f\u0131 bas\u0131n a\u00e7\u0131klamas\u0131nda, mali m\u00fc\u015favirlik mesle\u011finin \u00fclke ve il ekonomisinin s\u00fcrd\u00fcr\u00fclebilirli\u011fi a\u00e7\u0131s\u0131ndan&#8230;<\/p>\n","protected":false},"author":1,"featured_media":91000,"comment_status":"open","ping_status":"open","sticky":false,"template":"","format":"standard","meta":{"_crdt_document":"","footnotes":""},"categories":[125],"tags":[],"class_list":["post-90999","post","type-post","status-publish","format-standard","has-post-thumbnail","hentry","category-ekonomi"],"_links":{"self":[{"href":"https:\/\/www.egemtv.com\/index.php?rest_route=\/wp\/v2\/posts\/90999","targetHints":{"allow":["GET"]}}],"collection":[{"href":"https:\/\/www.egemtv.com\/index.php?rest_route=\/wp\/v2\/posts"}],"about":[{"href":"https:\/\/www.egemtv.com\/index.php?rest_route=\/wp\/v2\/types\/post"}],"author":[{"embeddable":true,"href":"https:\/\/www.egemtv.com\/index.php?rest_route=\/wp\/v2\/users\/1"}],"replies":[{"embeddable":true,"href":"https:\/\/www.egemtv.com\/index.php?rest_route=%2Fwp%2Fv2%2Fcomments&post=90999"}],"version-history":[{"count":1,"href":"https:\/\/www.egemtv.com\/index.php?rest_route=\/wp\/v2\/posts\/90999\/revisions"}],"predecessor-version":[{"id":91001,"href":"https:\/\/www.egemtv.com\/index.php?rest_route=\/wp\/v2\/posts\/90999\/revisions\/91001"}],"wp:featuredmedia":[{"embeddable":true,"href":"https:\/\/www.egemtv.com\/index.php?rest_route=\/wp\/v2\/media\/91000"}],"wp:attachment":[{"href":"https:\/\/www.egemtv.com\/index.php?rest_route=%2Fwp%2Fv2%2Fmedia&parent=90999"}],"wp:term":[{"taxonomy":"category","embeddable":true,"href":"https:\/\/www.egemtv.com\/index.php?rest_route=%2Fwp%2Fv2%2Fcategories&post=90999"},{"taxonomy":"post_tag","embeddable":true,"href":"https:\/\/www.egemtv.com\/index.php?rest_route=%2Fwp%2Fv2%2Ftags&post=90999"}],"curies":[{"name":"wp","href":"https:\/\/api.w.org\/{rel}","templated":true}]}}