{"id":90993,"date":"2026-02-28T11:35:14","date_gmt":"2026-02-28T08:35:14","guid":{"rendered":"https:\/\/www.egemtv.com\/?p=90993"},"modified":"2026-02-28T11:35:16","modified_gmt":"2026-02-28T08:35:16","slug":"diyanet-genclik-merkezinde-ramazan-etkinlikleri-devam-ediyor","status":"publish","type":"post","link":"https:\/\/www.egemtv.com\/?p=90993","title":{"rendered":"Diyanet Gen\u00e7lik Merkezi\u2019nde Ramazan etkinlikleri devam ediyor"},"content":{"rendered":"<p>Afyonkarahisar\u2019da Ramazan ay\u0131n\u0131n ilk g\u00fcn\u00fcnden itibaren Diyanet Gen\u00e7lik Merkezi\u2019nde ger\u00e7ekle\u015ftirilen etkinlik ve iftar programlar\u0131 devam ediyor.<br \/>\n<br \/>Diyanet Gen\u00e7lik Merkezi\u2019nde hafta i\u00e7i her g\u00fcn icra edilen programlar, ikindi namaz\u0131 \u00f6ncesinde ger\u00e7ekle\u015ftirilen mukabele ile ba\u015flad\u0131\u011f\u0131 tefsir ve hadis dersleriyle iftar vaktine kadar devam etmektedir. Yo\u011fun kat\u0131l\u0131m\u0131n sa\u011fland\u0131\u011f\u0131 programlarda, iftar organizasyonu yap\u0131lan dualar e\u015fli\u011finde ger\u00e7ekle\u015ftirildi\u011fi iftar sonras\u0131nda yap\u0131lan \u00e7ay ikram\u0131 vesilesiyle gen\u00e7lerle bir araya gelinerek manevi birlik ve beraberlik ortam\u0131 tesis edildi\u011fi kaydedildi.<br \/>\n<br \/>Program \u00e7er\u00e7evesinde cemaatle eda edilen teravih namaz\u0131n\u0131n ard\u0131ndan, Afyonkarahisar Valili\u011fi taraf\u0131ndan temin edilen sahurluklar\u0131n \u00f6\u011frencilere da\u011f\u0131t\u0131ld\u0131\u011f\u0131 ifade edildi.<br \/><\/p>\n","protected":false},"excerpt":{"rendered":"<p>Afyonkarahisar\u2019da Ramazan ay\u0131n\u0131n ilk g\u00fcn\u00fcnden itibaren Diyanet Gen\u00e7lik Merkezi\u2019nde ger\u00e7ekle\u015ftirilen etkinlik ve iftar programlar\u0131 devam ediyor. Diyanet Gen\u00e7lik Merkezi\u2019nde hafta i\u00e7i her g\u00fcn icra edilen programlar, ikindi namaz\u0131 \u00f6ncesinde ger\u00e7ekle\u015ftirilen mukabele ile ba\u015flad\u0131\u011f\u0131 tefsir ve hadis dersleriyle iftar vaktine kadar devam etmektedir. Yo\u011fun kat\u0131l\u0131m\u0131n sa\u011fland\u0131\u011f\u0131 programlarda, iftar organizasyonu yap\u0131lan dualar e\u015fli\u011finde ger\u00e7ekle\u015ftirildi\u011fi iftar sonras\u0131nda yap\u0131lan&#8230;<\/p>\n","protected":false},"author":1,"featured_media":90994,"comment_status":"open","ping_status":"open","sticky":false,"template":"","format":"standard","meta":{"_crdt_document":"","footnotes":""},"categories":[1],"tags":[],"class_list":["post-90993","post","type-post","status-publish","format-standard","has-post-thumbnail","hentry","category-guncel"],"_links":{"self":[{"href":"https:\/\/www.egemtv.com\/index.php?rest_route=\/wp\/v2\/posts\/90993","targetHints":{"allow":["GET"]}}],"collection":[{"href":"https:\/\/www.egemtv.com\/index.php?rest_route=\/wp\/v2\/posts"}],"about":[{"href":"https:\/\/www.egemtv.com\/index.php?rest_route=\/wp\/v2\/types\/post"}],"author":[{"embeddable":true,"href":"https:\/\/www.egemtv.com\/index.php?rest_route=\/wp\/v2\/users\/1"}],"replies":[{"embeddable":true,"href":"https:\/\/www.egemtv.com\/index.php?rest_route=%2Fwp%2Fv2%2Fcomments&post=90993"}],"version-history":[{"count":1,"href":"https:\/\/www.egemtv.com\/index.php?rest_route=\/wp\/v2\/posts\/90993\/revisions"}],"predecessor-version":[{"id":90995,"href":"https:\/\/www.egemtv.com\/index.php?rest_route=\/wp\/v2\/posts\/90993\/revisions\/90995"}],"wp:featuredmedia":[{"embeddable":true,"href":"https:\/\/www.egemtv.com\/index.php?rest_route=\/wp\/v2\/media\/90994"}],"wp:attachment":[{"href":"https:\/\/www.egemtv.com\/index.php?rest_route=%2Fwp%2Fv2%2Fmedia&parent=90993"}],"wp:term":[{"taxonomy":"category","embeddable":true,"href":"https:\/\/www.egemtv.com\/index.php?rest_route=%2Fwp%2Fv2%2Fcategories&post=90993"},{"taxonomy":"post_tag","embeddable":true,"href":"https:\/\/www.egemtv.com\/index.php?rest_route=%2Fwp%2Fv2%2Ftags&post=90993"}],"curies":[{"name":"wp","href":"https:\/\/api.w.org\/{rel}","templated":true}]}}