{"id":90990,"date":"2026-02-28T10:55:08","date_gmt":"2026-02-28T07:55:08","guid":{"rendered":"https:\/\/www.egemtv.com\/?p=90990"},"modified":"2026-02-28T10:55:09","modified_gmt":"2026-02-28T07:55:09","slug":"pazarlar-ilcesinde-minik-ogrencilere-yesil-vatan-egitimi","status":"publish","type":"post","link":"https:\/\/www.egemtv.com\/?p=90990","title":{"rendered":"Pazarlar il\u00e7esinde minik \u00f6\u011frencilere &#8220;Ye\u015fil Vatan&#8221; e\u011fitimi"},"content":{"rendered":"<p>K\u00fctahya\u2019n\u0131n Pazarlar il\u00e7esinde Orman \u0130\u015fletme \u015eefli\u011fi taraf\u0131ndan, Pazarlar \u0130lkokulu 1. s\u0131n\u0131f \u00f6\u011frencilerine &#8220;Ye\u015fil Vatan-Benim Okulum Gelece\u011fe \u00c7are&#8221; projesi kapsam\u0131nda e\u011fitim ve tan\u0131t\u0131m program\u0131 ger\u00e7ekle\u015ftirildi.<br \/>\n<br \/>Okulda d\u00fczenlenen etkinlikte \u00f6\u011frencilere ormanlar\u0131n \u00f6nemi, do\u011fan\u0131n korunmas\u0131, a\u011fa\u00e7 sevgisi ve \u00e7evre bilinci konular\u0131nda bilgiler verildi. Uzman personel taraf\u0131ndan yap\u0131lan sunumlarda, ormanlar\u0131n sadece a\u011fa\u00e7lardan ibaret olmad\u0131\u011f\u0131; canl\u0131lar i\u00e7in ya\u015fam alan\u0131 oldu\u011fu, temiz hava sa\u011flad\u0131\u011f\u0131 ve gelecek nesiller i\u00e7in korunmas\u0131 gereken en \u00f6nemli do\u011fal varl\u0131klardan biri oldu\u011fu vurguland\u0131.<br \/><\/p>\n","protected":false},"excerpt":{"rendered":"<p>K\u00fctahya\u2019n\u0131n Pazarlar il\u00e7esinde Orman \u0130\u015fletme \u015eefli\u011fi taraf\u0131ndan, Pazarlar \u0130lkokulu 1. s\u0131n\u0131f \u00f6\u011frencilerine &#8220;Ye\u015fil Vatan-Benim Okulum Gelece\u011fe \u00c7are&#8221; projesi kapsam\u0131nda e\u011fitim ve tan\u0131t\u0131m program\u0131 ger\u00e7ekle\u015ftirildi. Okulda d\u00fczenlenen etkinlikte \u00f6\u011frencilere ormanlar\u0131n \u00f6nemi, do\u011fan\u0131n korunmas\u0131, a\u011fa\u00e7 sevgisi ve \u00e7evre bilinci konular\u0131nda bilgiler verildi. Uzman personel taraf\u0131ndan yap\u0131lan sunumlarda, ormanlar\u0131n sadece a\u011fa\u00e7lardan ibaret olmad\u0131\u011f\u0131; canl\u0131lar i\u00e7in ya\u015fam alan\u0131 oldu\u011fu,&#8230;<\/p>\n","protected":false},"author":1,"featured_media":90991,"comment_status":"open","ping_status":"open","sticky":false,"template":"","format":"standard","meta":{"_crdt_document":"","footnotes":""},"categories":[1],"tags":[],"class_list":["post-90990","post","type-post","status-publish","format-standard","has-post-thumbnail","hentry","category-guncel"],"_links":{"self":[{"href":"https:\/\/www.egemtv.com\/index.php?rest_route=\/wp\/v2\/posts\/90990","targetHints":{"allow":["GET"]}}],"collection":[{"href":"https:\/\/www.egemtv.com\/index.php?rest_route=\/wp\/v2\/posts"}],"about":[{"href":"https:\/\/www.egemtv.com\/index.php?rest_route=\/wp\/v2\/types\/post"}],"author":[{"embeddable":true,"href":"https:\/\/www.egemtv.com\/index.php?rest_route=\/wp\/v2\/users\/1"}],"replies":[{"embeddable":true,"href":"https:\/\/www.egemtv.com\/index.php?rest_route=%2Fwp%2Fv2%2Fcomments&post=90990"}],"version-history":[{"count":1,"href":"https:\/\/www.egemtv.com\/index.php?rest_route=\/wp\/v2\/posts\/90990\/revisions"}],"predecessor-version":[{"id":90992,"href":"https:\/\/www.egemtv.com\/index.php?rest_route=\/wp\/v2\/posts\/90990\/revisions\/90992"}],"wp:featuredmedia":[{"embeddable":true,"href":"https:\/\/www.egemtv.com\/index.php?rest_route=\/wp\/v2\/media\/90991"}],"wp:attachment":[{"href":"https:\/\/www.egemtv.com\/index.php?rest_route=%2Fwp%2Fv2%2Fmedia&parent=90990"}],"wp:term":[{"taxonomy":"category","embeddable":true,"href":"https:\/\/www.egemtv.com\/index.php?rest_route=%2Fwp%2Fv2%2Fcategories&post=90990"},{"taxonomy":"post_tag","embeddable":true,"href":"https:\/\/www.egemtv.com\/index.php?rest_route=%2Fwp%2Fv2%2Ftags&post=90990"}],"curies":[{"name":"wp","href":"https:\/\/api.w.org\/{rel}","templated":true}]}}