{"id":90987,"date":"2026-02-28T10:55:07","date_gmt":"2026-02-28T07:55:07","guid":{"rendered":"https:\/\/www.egemtv.com\/?p=90987"},"modified":"2026-02-28T10:55:08","modified_gmt":"2026-02-28T07:55:08","slug":"altintasta-lise-ogrencileri-fidan-dikti","status":"publish","type":"post","link":"https:\/\/www.egemtv.com\/?p=90987","title":{"rendered":"Alt\u0131nta\u015f\u2019ta lise \u00f6\u011frencileri fidan dikti"},"content":{"rendered":"<p>K\u00fctahya\u2019n\u0131n Alt\u0131nta\u015f il\u00e7esinde bulunan \u015eehit Polis Elvan \u00d6zbay Mesleki ve Teknik Anadolu Lisesi \u00f6\u011frencileri, &#8220;Ye\u015fil Vatan-Benim Okulum Gelece\u011fe \u00c7are&#8221; projesi kapsam\u0131nda fidan dikimi ger\u00e7ekle\u015ftirdi.<br \/>\n<br \/>Alt\u0131nta\u015f Orman \u0130\u015fletme M\u00fcd\u00fcrl\u00fc\u011f\u00fc taraf\u0131ndan d\u00fczenlenen etkinlikte, okulun 11. s\u0131n\u0131f \u00f6\u011frencileri do\u011fayla i\u00e7 i\u00e7e bir g\u00fcn ge\u00e7irdi. \u00d6\u011frenciler hem fidanlar\u0131 toprakla bulu\u015fturdu hem de uzman personelden a\u011fa\u00e7land\u0131rma \u00e7al\u0131\u015fmalar\u0131 ve ormanlar\u0131n \u00f6nemi hakk\u0131nda bilgi ald\u0131.<br \/>\n<br \/>Etkinlikte gen\u00e7lere \u00e7evre bilinci ve s\u00fcrd\u00fcr\u00fclebilir ya\u015fam konular\u0131nda fark\u0131ndal\u0131k kazand\u0131r\u0131lmas\u0131 ama\u00e7lan\u0131rken, yetkililer do\u011faya b\u0131rak\u0131lan her fidan\u0131n gelece\u011fe nefes olaca\u011f\u0131n\u0131 vurgulad\u0131. Yap\u0131lan a\u00e7\u0131klamada, bu t\u00fcr \u00e7al\u0131\u015fmalar\u0131n artarak devam edece\u011fi ve \u00f6\u011frencilerin do\u011fayla ba\u011f kurmas\u0131n\u0131n \u00f6nem ta\u015f\u0131d\u0131\u011f\u0131 ifade edildi.<br \/><\/p>\n","protected":false},"excerpt":{"rendered":"<p>K\u00fctahya\u2019n\u0131n Alt\u0131nta\u015f il\u00e7esinde bulunan \u015eehit Polis Elvan \u00d6zbay Mesleki ve Teknik Anadolu Lisesi \u00f6\u011frencileri, &#8220;Ye\u015fil Vatan-Benim Okulum Gelece\u011fe \u00c7are&#8221; projesi kapsam\u0131nda fidan dikimi ger\u00e7ekle\u015ftirdi. Alt\u0131nta\u015f Orman \u0130\u015fletme M\u00fcd\u00fcrl\u00fc\u011f\u00fc taraf\u0131ndan d\u00fczenlenen etkinlikte, okulun 11. s\u0131n\u0131f \u00f6\u011frencileri do\u011fayla i\u00e7 i\u00e7e bir g\u00fcn ge\u00e7irdi. \u00d6\u011frenciler hem fidanlar\u0131 toprakla bulu\u015fturdu hem de uzman personelden a\u011fa\u00e7land\u0131rma \u00e7al\u0131\u015fmalar\u0131 ve ormanlar\u0131n \u00f6nemi&#8230;<\/p>\n","protected":false},"author":1,"featured_media":90988,"comment_status":"open","ping_status":"open","sticky":false,"template":"","format":"standard","meta":{"_crdt_document":"","footnotes":""},"categories":[1],"tags":[],"class_list":["post-90987","post","type-post","status-publish","format-standard","has-post-thumbnail","hentry","category-guncel"],"_links":{"self":[{"href":"https:\/\/www.egemtv.com\/index.php?rest_route=\/wp\/v2\/posts\/90987","targetHints":{"allow":["GET"]}}],"collection":[{"href":"https:\/\/www.egemtv.com\/index.php?rest_route=\/wp\/v2\/posts"}],"about":[{"href":"https:\/\/www.egemtv.com\/index.php?rest_route=\/wp\/v2\/types\/post"}],"author":[{"embeddable":true,"href":"https:\/\/www.egemtv.com\/index.php?rest_route=\/wp\/v2\/users\/1"}],"replies":[{"embeddable":true,"href":"https:\/\/www.egemtv.com\/index.php?rest_route=%2Fwp%2Fv2%2Fcomments&post=90987"}],"version-history":[{"count":1,"href":"https:\/\/www.egemtv.com\/index.php?rest_route=\/wp\/v2\/posts\/90987\/revisions"}],"predecessor-version":[{"id":90989,"href":"https:\/\/www.egemtv.com\/index.php?rest_route=\/wp\/v2\/posts\/90987\/revisions\/90989"}],"wp:featuredmedia":[{"embeddable":true,"href":"https:\/\/www.egemtv.com\/index.php?rest_route=\/wp\/v2\/media\/90988"}],"wp:attachment":[{"href":"https:\/\/www.egemtv.com\/index.php?rest_route=%2Fwp%2Fv2%2Fmedia&parent=90987"}],"wp:term":[{"taxonomy":"category","embeddable":true,"href":"https:\/\/www.egemtv.com\/index.php?rest_route=%2Fwp%2Fv2%2Fcategories&post=90987"},{"taxonomy":"post_tag","embeddable":true,"href":"https:\/\/www.egemtv.com\/index.php?rest_route=%2Fwp%2Fv2%2Ftags&post=90987"}],"curies":[{"name":"wp","href":"https:\/\/api.w.org\/{rel}","templated":true}]}}