{"id":90984,"date":"2026-02-28T10:55:06","date_gmt":"2026-02-28T07:55:06","guid":{"rendered":"https:\/\/www.egemtv.com\/?p=90984"},"modified":"2026-02-28T10:55:07","modified_gmt":"2026-02-28T07:55:07","slug":"emet-kaymakami-baskapan-sehit-yakinlari-ve-gazilerle-iftarda-bir-araya-geldi","status":"publish","type":"post","link":"https:\/\/www.egemtv.com\/?p=90984","title":{"rendered":"Emet Kaymakam\u0131 Ba\u015fkapan, \u015fehit yak\u0131nlar\u0131 ve gazilerle iftarda bir araya geldi"},"content":{"rendered":"<p>Emet Kaymakam\u0131 Mehmet Alperen Ba\u015fkapan, il\u00e7ede ikamet eden \u015fehit yak\u0131nlar\u0131, gaziler ve gazi yak\u0131nlar\u0131yla d\u00fczenlenen iftar program\u0131nda bir araya geldi.<br \/>\n<br \/>\u0130l\u00e7e protokol\u00fcn\u00fcn de kat\u0131ld\u0131\u011f\u0131 programda Kaymakam Ba\u015fkapan, iftar yeme\u011fi \u00f6ncesinde ve sonras\u0131nda masalar\u0131 tek tek ziyaret ederek \u015fehit aileleri ve gazilerle yak\u0131ndan ilgilendi. Kat\u0131l\u0131mc\u0131larla sohbet eden Ba\u015fkapan, \u00f6zellikle \u00e7ocuklarla \u00f6zel olarak ilgilenerek \u00e7e\u015fitli ikramlarda bulundu.<br \/>\n<br \/>Ramazan ay\u0131n\u0131n birlik, beraberlik ve dayan\u0131\u015fma ruhuna vurgu yap\u0131lan programda, \u015fehitlerin emanetlerine ve gazilere her zaman sahip \u00e7\u0131k\u0131laca\u011f\u0131 mesaj\u0131 verildi.<br \/><\/p>\n","protected":false},"excerpt":{"rendered":"<p>Emet Kaymakam\u0131 Mehmet Alperen Ba\u015fkapan, il\u00e7ede ikamet eden \u015fehit yak\u0131nlar\u0131, gaziler ve gazi yak\u0131nlar\u0131yla d\u00fczenlenen iftar program\u0131nda bir araya geldi. \u0130l\u00e7e protokol\u00fcn\u00fcn de kat\u0131ld\u0131\u011f\u0131 programda Kaymakam Ba\u015fkapan, iftar yeme\u011fi \u00f6ncesinde ve sonras\u0131nda masalar\u0131 tek tek ziyaret ederek \u015fehit aileleri ve gazilerle yak\u0131ndan ilgilendi. Kat\u0131l\u0131mc\u0131larla sohbet eden Ba\u015fkapan, \u00f6zellikle \u00e7ocuklarla \u00f6zel olarak ilgilenerek \u00e7e\u015fitli ikramlarda bulundu&#8230;.<\/p>\n","protected":false},"author":1,"featured_media":90985,"comment_status":"open","ping_status":"open","sticky":false,"template":"","format":"standard","meta":{"_crdt_document":"","footnotes":""},"categories":[123],"tags":[],"class_list":["post-90984","post","type-post","status-publish","format-standard","has-post-thumbnail","hentry","category-gundem"],"_links":{"self":[{"href":"https:\/\/www.egemtv.com\/index.php?rest_route=\/wp\/v2\/posts\/90984","targetHints":{"allow":["GET"]}}],"collection":[{"href":"https:\/\/www.egemtv.com\/index.php?rest_route=\/wp\/v2\/posts"}],"about":[{"href":"https:\/\/www.egemtv.com\/index.php?rest_route=\/wp\/v2\/types\/post"}],"author":[{"embeddable":true,"href":"https:\/\/www.egemtv.com\/index.php?rest_route=\/wp\/v2\/users\/1"}],"replies":[{"embeddable":true,"href":"https:\/\/www.egemtv.com\/index.php?rest_route=%2Fwp%2Fv2%2Fcomments&post=90984"}],"version-history":[{"count":1,"href":"https:\/\/www.egemtv.com\/index.php?rest_route=\/wp\/v2\/posts\/90984\/revisions"}],"predecessor-version":[{"id":90986,"href":"https:\/\/www.egemtv.com\/index.php?rest_route=\/wp\/v2\/posts\/90984\/revisions\/90986"}],"wp:featuredmedia":[{"embeddable":true,"href":"https:\/\/www.egemtv.com\/index.php?rest_route=\/wp\/v2\/media\/90985"}],"wp:attachment":[{"href":"https:\/\/www.egemtv.com\/index.php?rest_route=%2Fwp%2Fv2%2Fmedia&parent=90984"}],"wp:term":[{"taxonomy":"category","embeddable":true,"href":"https:\/\/www.egemtv.com\/index.php?rest_route=%2Fwp%2Fv2%2Fcategories&post=90984"},{"taxonomy":"post_tag","embeddable":true,"href":"https:\/\/www.egemtv.com\/index.php?rest_route=%2Fwp%2Fv2%2Ftags&post=90984"}],"curies":[{"name":"wp","href":"https:\/\/api.w.org\/{rel}","templated":true}]}}