{"id":90981,"date":"2026-02-28T10:55:05","date_gmt":"2026-02-28T07:55:05","guid":{"rendered":"https:\/\/www.egemtv.com\/?p=90981"},"modified":"2026-02-28T10:55:06","modified_gmt":"2026-02-28T07:55:06","slug":"kutahyada-iki-aracin-carpismasi-kameralara-yansidi","status":"publish","type":"post","link":"https:\/\/www.egemtv.com\/?p=90981","title":{"rendered":"K\u00fctahya\u2019da iki arac\u0131n \u00e7arp\u0131\u015fmas\u0131 kameralara yans\u0131d\u0131"},"content":{"rendered":"<p>K\u00fctahya\u2019da iki arac\u0131n \u00e7arp\u0131\u015fmas\u0131 sonucu meydana gelen trafik kazas\u0131 saniye saniye kaydedildi.<br \/>\n<br \/>Edinilen bilgilere g\u00f6re, kent merkezi Adnan Menderes Bulvar\u0131 \u00fczerinde hafif ticari araca, l\u00fcks jip \u00e7arpt\u0131. \u00c7arp\u0131\u015fma k\u0131sa s\u00fcreli panik ya\u015fanmas\u0131na neden olurken kazada yaralanan olmad\u0131 ve kaza an\u0131 ara\u00e7 kameras\u0131 taraf\u0131ndan kaydedildi. Olay\u0131n, kav\u015faktaki &#8220;Dur&#8221; tabelas\u0131na uyulmamas\u0131 nedeniyle meydana geldi\u011fi \u00f6\u011frenildi.<br \/><\/p>\n","protected":false},"excerpt":{"rendered":"<p>K\u00fctahya\u2019da iki arac\u0131n \u00e7arp\u0131\u015fmas\u0131 sonucu meydana gelen trafik kazas\u0131 saniye saniye kaydedildi. Edinilen bilgilere g\u00f6re, kent merkezi Adnan Menderes Bulvar\u0131 \u00fczerinde hafif ticari araca, l\u00fcks jip \u00e7arpt\u0131. \u00c7arp\u0131\u015fma k\u0131sa s\u00fcreli panik ya\u015fanmas\u0131na neden olurken kazada yaralanan olmad\u0131 ve kaza an\u0131 ara\u00e7 kameras\u0131 taraf\u0131ndan kaydedildi. Olay\u0131n, kav\u015faktaki &#8220;Dur&#8221; tabelas\u0131na uyulmamas\u0131 nedeniyle meydana geldi\u011fi \u00f6\u011frenildi.<\/p>\n","protected":false},"author":1,"featured_media":90982,"comment_status":"open","ping_status":"open","sticky":false,"template":"","format":"standard","meta":{"_crdt_document":"","footnotes":""},"categories":[5],"tags":[],"class_list":["post-90981","post","type-post","status-publish","format-standard","has-post-thumbnail","hentry","category-asayis"],"_links":{"self":[{"href":"https:\/\/www.egemtv.com\/index.php?rest_route=\/wp\/v2\/posts\/90981","targetHints":{"allow":["GET"]}}],"collection":[{"href":"https:\/\/www.egemtv.com\/index.php?rest_route=\/wp\/v2\/posts"}],"about":[{"href":"https:\/\/www.egemtv.com\/index.php?rest_route=\/wp\/v2\/types\/post"}],"author":[{"embeddable":true,"href":"https:\/\/www.egemtv.com\/index.php?rest_route=\/wp\/v2\/users\/1"}],"replies":[{"embeddable":true,"href":"https:\/\/www.egemtv.com\/index.php?rest_route=%2Fwp%2Fv2%2Fcomments&post=90981"}],"version-history":[{"count":1,"href":"https:\/\/www.egemtv.com\/index.php?rest_route=\/wp\/v2\/posts\/90981\/revisions"}],"predecessor-version":[{"id":90983,"href":"https:\/\/www.egemtv.com\/index.php?rest_route=\/wp\/v2\/posts\/90981\/revisions\/90983"}],"wp:featuredmedia":[{"embeddable":true,"href":"https:\/\/www.egemtv.com\/index.php?rest_route=\/wp\/v2\/media\/90982"}],"wp:attachment":[{"href":"https:\/\/www.egemtv.com\/index.php?rest_route=%2Fwp%2Fv2%2Fmedia&parent=90981"}],"wp:term":[{"taxonomy":"category","embeddable":true,"href":"https:\/\/www.egemtv.com\/index.php?rest_route=%2Fwp%2Fv2%2Fcategories&post=90981"},{"taxonomy":"post_tag","embeddable":true,"href":"https:\/\/www.egemtv.com\/index.php?rest_route=%2Fwp%2Fv2%2Ftags&post=90981"}],"curies":[{"name":"wp","href":"https:\/\/api.w.org\/{rel}","templated":true}]}}