{"id":90975,"date":"2026-02-28T10:14:58","date_gmt":"2026-02-28T07:14:58","guid":{"rendered":"https:\/\/www.egemtv.com\/?p=90975"},"modified":"2026-02-28T10:14:59","modified_gmt":"2026-02-28T07:14:59","slug":"orman-ekiplerinin-mesleki-egitim-toplantisinin-ikincisi-aydinda-yapildi","status":"publish","type":"post","link":"https:\/\/www.egemtv.com\/?p=90975","title":{"rendered":"Orman ekiplerinin mesleki e\u011fitim toplant\u0131s\u0131n\u0131n ikincisi Ayd\u0131n\u2019da yap\u0131ld\u0131"},"content":{"rendered":"<p>Mu\u011fla Orman B\u00f6lge M\u00fcd\u00fcrl\u00fc\u011f\u00fc \u0130\u015fletme \u015eefleri ve Orman Muhafaza Memurlar\u0131na y\u00f6nelik &#8220;Mesleki G\u00fcncelleme ve Kurum K\u00fclt\u00fcr\u00fc B\u00fct\u00fcnle\u015fik E\u011fitimi&#8221; Ayd\u0131n\u2019da yap\u0131ld\u0131.<br \/>\n<br \/>Orman Genel M\u00fcd\u00fcrl\u00fc\u011f\u00fc D\u0131\u015f \u0130li\u015fkiler, E\u011fitim ve Ara\u015ft\u0131rma Daire Ba\u015fkanl\u0131\u011f\u0131 taraf\u0131ndan verilen e\u011fitim seminerleri devam ediyor. \u0130lki ge\u00e7en y\u0131l Mu\u011fla\u2019n\u0131n Fethiye il\u00e7esinde yap\u0131lan Mu\u011fla Orman B\u00f6lge M\u00fcd\u00fcrl\u00fc\u011f\u00fc personeline y\u00f6nelik e\u011fitimin ikincisi Ayd\u0131n\u2019da yap\u0131ld\u0131. Orman Genel M\u00fcd\u00fcr Yard\u0131mc\u0131s\u0131 Mustafa \u00d6zkaya\u2019n\u0131n y\u00f6neticili\u011fini yapt\u0131\u011f\u0131 e\u011fitim seminerine D\u0131\u015f \u0130li\u015fkiler E\u011fitim ve Ara\u015ft\u0131rma Daire Ba\u015fkan\u0131 Mehmet Ko\u00e7, \u0130zin \u0130rtifak Daire Ba\u015fkan\u0131 Aytun\u00e7 Nane, B\u00f6lge M\u00fcd\u00fcr\u00fcm\u00fcz Mustafa \u00dclk\u00fcd\u00fcr, B\u00f6lge M\u00fcd\u00fcr Yard\u0131mc\u0131m\u0131z Ersen \u00c7etin ve Ayd\u0131n \u0130\u015fletme M\u00fcd\u00fcr\u00fc Engin Evcin kat\u0131ld\u0131. B\u00f6lge M\u00fcd\u00fcrl\u00fc\u011f\u00fc\u2019nde g\u00f6rev yapan Orman \u0130\u015fletme \u015eefleri ve Orman Muhafaza Memurlar\u0131na y\u00f6nelik yap\u0131lan e\u011fitim seminerine 191 personel kat\u0131ld\u0131. Seminerde sosyal davran\u0131\u015f kurallar\u0131, ileti\u015fim becerileri, kriz y\u00f6netimi, stres y\u00f6netimi, protokol kurallar\u0131, kurum k\u00fclt\u00fcr\u00fc, orman zararlar\u0131 ile m\u00fccadele, kadastro faaliyetleri, izin irtifak i\u015flemleri ve i\u015fletme pazarlama konular\u0131nda e\u011fitim verildi. Ayd\u0131n\u2019da yap\u0131lan ve 3 g\u00fcn s\u00fcren e\u011fitime, Orman Genel M\u00fcd\u00fcrl\u00fc\u011f\u00fc\u2019nden Ba\u015fm\u00fcfetti\u015f Kenan Aky\u00fcz, OZM Daire Ba\u015fkan Yard\u0131mc\u0131s\u0131 Hakan Rag\u0131bo\u011flu, Personel Daire Ba\u015fkan Yard\u0131mc\u0131s\u0131 Emine Akg\u00fcn, \u015eube M\u00fcd\u00fcrleri Metin \u00dcnl\u00fc, Ak\u0131n Emin, H. Niyazi G\u00f6kmen ve Huriye Eser Can e\u011fitici olarak kat\u0131ld\u0131.<br \/><\/p>\n","protected":false},"excerpt":{"rendered":"<p>Mu\u011fla Orman B\u00f6lge M\u00fcd\u00fcrl\u00fc\u011f\u00fc \u0130\u015fletme \u015eefleri ve Orman Muhafaza Memurlar\u0131na y\u00f6nelik &#8220;Mesleki G\u00fcncelleme ve Kurum K\u00fclt\u00fcr\u00fc B\u00fct\u00fcnle\u015fik E\u011fitimi&#8221; Ayd\u0131n\u2019da yap\u0131ld\u0131. Orman Genel M\u00fcd\u00fcrl\u00fc\u011f\u00fc D\u0131\u015f \u0130li\u015fkiler, E\u011fitim ve Ara\u015ft\u0131rma Daire Ba\u015fkanl\u0131\u011f\u0131 taraf\u0131ndan verilen e\u011fitim seminerleri devam ediyor. \u0130lki ge\u00e7en y\u0131l Mu\u011fla\u2019n\u0131n Fethiye il\u00e7esinde yap\u0131lan Mu\u011fla Orman B\u00f6lge M\u00fcd\u00fcrl\u00fc\u011f\u00fc personeline y\u00f6nelik e\u011fitimin ikincisi Ayd\u0131n\u2019da yap\u0131ld\u0131. Orman Genel&#8230;<\/p>\n","protected":false},"author":1,"featured_media":90976,"comment_status":"open","ping_status":"open","sticky":false,"template":"","format":"standard","meta":{"_crdt_document":"","footnotes":""},"categories":[1],"tags":[],"class_list":["post-90975","post","type-post","status-publish","format-standard","has-post-thumbnail","hentry","category-guncel"],"_links":{"self":[{"href":"https:\/\/www.egemtv.com\/index.php?rest_route=\/wp\/v2\/posts\/90975","targetHints":{"allow":["GET"]}}],"collection":[{"href":"https:\/\/www.egemtv.com\/index.php?rest_route=\/wp\/v2\/posts"}],"about":[{"href":"https:\/\/www.egemtv.com\/index.php?rest_route=\/wp\/v2\/types\/post"}],"author":[{"embeddable":true,"href":"https:\/\/www.egemtv.com\/index.php?rest_route=\/wp\/v2\/users\/1"}],"replies":[{"embeddable":true,"href":"https:\/\/www.egemtv.com\/index.php?rest_route=%2Fwp%2Fv2%2Fcomments&post=90975"}],"version-history":[{"count":1,"href":"https:\/\/www.egemtv.com\/index.php?rest_route=\/wp\/v2\/posts\/90975\/revisions"}],"predecessor-version":[{"id":90977,"href":"https:\/\/www.egemtv.com\/index.php?rest_route=\/wp\/v2\/posts\/90975\/revisions\/90977"}],"wp:featuredmedia":[{"embeddable":true,"href":"https:\/\/www.egemtv.com\/index.php?rest_route=\/wp\/v2\/media\/90976"}],"wp:attachment":[{"href":"https:\/\/www.egemtv.com\/index.php?rest_route=%2Fwp%2Fv2%2Fmedia&parent=90975"}],"wp:term":[{"taxonomy":"category","embeddable":true,"href":"https:\/\/www.egemtv.com\/index.php?rest_route=%2Fwp%2Fv2%2Fcategories&post=90975"},{"taxonomy":"post_tag","embeddable":true,"href":"https:\/\/www.egemtv.com\/index.php?rest_route=%2Fwp%2Fv2%2Ftags&post=90975"}],"curies":[{"name":"wp","href":"https:\/\/api.w.org\/{rel}","templated":true}]}}