{"id":90972,"date":"2026-02-28T10:14:57","date_gmt":"2026-02-28T07:14:57","guid":{"rendered":"https:\/\/www.egemtv.com\/?p=90972"},"modified":"2026-02-28T10:14:58","modified_gmt":"2026-02-28T07:14:58","slug":"mentesede-gonulleri-bulusturan-aksam-iftarda-konusalim","status":"publish","type":"post","link":"https:\/\/www.egemtv.com\/?p=90972","title":{"rendered":"Mente\u015fe\u2019de g\u00f6n\u00fclleri bulu\u015fturan ak\u015fam: &#8220;\u0130ftarda Konu\u015fal\u0131m&#8221;"},"content":{"rendered":"<p>Mu\u011fla\u2019n\u0131n Mente\u015fe il\u00e7esinde, &#8220;Maarifin Kalbinde Ramazan&#8221; etkinlikleri kapsam\u0131nda d\u00fczenlenen &#8220;K\u00fclt\u00fcr, Sanat ve Muhabbet Ak\u015fam\u0131&#8221;, \u00f6\u011fretmenleri sanat ve samimiyetle dolu bir atmosferde bir araya getirdi.<\/p>\n<p>Mu\u011fla Olgunla\u015fma Enstit\u00fcs\u00fc\u2019n\u00fcn tarihi ve k\u00fclt\u00fcrel dokusunda ger\u00e7ekle\u015fen programa, Mente\u015fe Kaymakam\u0131 Mehmet Eri\u015f ve Mu\u011fla \u0130l Milli E\u011fitim M\u00fcd\u00fcr\u00fc Emre \u00c7ay kat\u0131larak \u00f6\u011fretmenlerin Ramazan sevincine ortak oldu. Gecenin en dikkat \u00e7eken b\u00f6l\u00fcm\u00fc, \u00f6\u011fretmenlerin \u00fcretimle i\u00e7 i\u00e7e vakit ge\u00e7irdi\u011fi sanat at\u00f6lyeleri oldu. Mesleki dayan\u0131\u015fmay\u0131 peki\u015ftiren \u00e7al\u0131\u015fmalarda \u00f6\u011fretmenler; Ah\u015fap Bask\u0131 ve Deri \u0130\u015fleme, Minyat\u00fcr ve Hat Sanat\u0131, Tezhip ve Seramik alanlar\u0131nda hem yeteneklerini sergilediler hem de fikir al\u0131\u015fveri\u015finde bulundular. Programda bir konu\u015fma yapan Mente\u015fe Kaymakam\u0131 Mehmet Eri\u015f, \u00f6\u011fretmenin toplumdaki rol\u00fcne dikkat \u00e7ekerek, &#8220;Her \u00f6\u011fretmen, \u00f6\u011frencisinin hayat\u0131nda iz b\u0131rakan bir hikayenin kahraman\u0131 olmal\u0131d\u0131r&#8221; dedi.<\/p>\n<p>\u0130l Milli E\u011fitim M\u00fcd\u00fcr\u00fc Emre \u00c7ay ise e\u011fitimin sadece s\u0131n\u0131flarla s\u0131n\u0131rl\u0131 kalmad\u0131\u011f\u0131n\u0131 vurgulayarak \u015fu ifadeleri kulland\u0131: &#8220;E\u011fitim yaln\u0131zca bilgi aktar\u0131m\u0131 de\u011fildir; as\u0131l anlam\u0131n\u0131 g\u00f6n\u00fclden g\u00f6n\u00fcle kurulan o g\u00fc\u00e7l\u00fc ba\u011flarla kazan\u0131r. Bug\u00fcn burada bu ba\u011f\u0131 sanatla ve muhabbetle ta\u00e7land\u0131r\u0131yoruz.&#8221;<\/p>\n<p>Sanat dolu saatlerin ard\u0131ndan, ak\u015fam ezan\u0131n\u0131n okunmas\u0131yla birlikte t\u00fcm kat\u0131l\u0131mc\u0131lar ayn\u0131 sofrada bulu\u015ftu. Ramazan ay\u0131n\u0131n bereketinin ve payla\u015fma ruhunun hissedildi\u011fi iftar yeme\u011fiyle program sona erdi.<br \/><\/p>\n","protected":false},"excerpt":{"rendered":"<p>Mu\u011fla\u2019n\u0131n Mente\u015fe il\u00e7esinde, &#8220;Maarifin Kalbinde Ramazan&#8221; etkinlikleri kapsam\u0131nda d\u00fczenlenen &#8220;K\u00fclt\u00fcr, Sanat ve Muhabbet Ak\u015fam\u0131&#8221;, \u00f6\u011fretmenleri sanat ve samimiyetle dolu bir atmosferde bir araya getirdi. Mu\u011fla Olgunla\u015fma Enstit\u00fcs\u00fc\u2019n\u00fcn tarihi ve k\u00fclt\u00fcrel dokusunda ger\u00e7ekle\u015fen programa, Mente\u015fe Kaymakam\u0131 Mehmet Eri\u015f ve Mu\u011fla \u0130l Milli E\u011fitim M\u00fcd\u00fcr\u00fc Emre \u00c7ay kat\u0131larak \u00f6\u011fretmenlerin Ramazan sevincine ortak oldu. Gecenin en dikkat \u00e7eken&#8230;<\/p>\n","protected":false},"author":1,"featured_media":90973,"comment_status":"open","ping_status":"open","sticky":false,"template":"","format":"standard","meta":{"_crdt_document":"","footnotes":""},"categories":[1],"tags":[],"class_list":["post-90972","post","type-post","status-publish","format-standard","has-post-thumbnail","hentry","category-guncel"],"_links":{"self":[{"href":"https:\/\/www.egemtv.com\/index.php?rest_route=\/wp\/v2\/posts\/90972","targetHints":{"allow":["GET"]}}],"collection":[{"href":"https:\/\/www.egemtv.com\/index.php?rest_route=\/wp\/v2\/posts"}],"about":[{"href":"https:\/\/www.egemtv.com\/index.php?rest_route=\/wp\/v2\/types\/post"}],"author":[{"embeddable":true,"href":"https:\/\/www.egemtv.com\/index.php?rest_route=\/wp\/v2\/users\/1"}],"replies":[{"embeddable":true,"href":"https:\/\/www.egemtv.com\/index.php?rest_route=%2Fwp%2Fv2%2Fcomments&post=90972"}],"version-history":[{"count":1,"href":"https:\/\/www.egemtv.com\/index.php?rest_route=\/wp\/v2\/posts\/90972\/revisions"}],"predecessor-version":[{"id":90974,"href":"https:\/\/www.egemtv.com\/index.php?rest_route=\/wp\/v2\/posts\/90972\/revisions\/90974"}],"wp:featuredmedia":[{"embeddable":true,"href":"https:\/\/www.egemtv.com\/index.php?rest_route=\/wp\/v2\/media\/90973"}],"wp:attachment":[{"href":"https:\/\/www.egemtv.com\/index.php?rest_route=%2Fwp%2Fv2%2Fmedia&parent=90972"}],"wp:term":[{"taxonomy":"category","embeddable":true,"href":"https:\/\/www.egemtv.com\/index.php?rest_route=%2Fwp%2Fv2%2Fcategories&post=90972"},{"taxonomy":"post_tag","embeddable":true,"href":"https:\/\/www.egemtv.com\/index.php?rest_route=%2Fwp%2Fv2%2Ftags&post=90972"}],"curies":[{"name":"wp","href":"https:\/\/api.w.org\/{rel}","templated":true}]}}