{"id":90966,"date":"2026-02-28T10:14:55","date_gmt":"2026-02-28T07:14:55","guid":{"rendered":"https:\/\/www.egemtv.com\/?p=90966"},"modified":"2026-02-28T10:14:56","modified_gmt":"2026-02-28T07:14:56","slug":"sanayicinin-gelecegine-stratejik-adimi-denizli-model-fabrika-hizmete-acildi","status":"publish","type":"post","link":"https:\/\/www.egemtv.com\/?p=90966","title":{"rendered":"Sanayicinin gelece\u011fine stratejik ad\u0131m\u0131 Denizli Model Fabrika hizmete a\u00e7\u0131ld\u0131"},"content":{"rendered":"<p>Denizli\u2019nin k\u00f6kl\u00fc \u00fcretim k\u00fclt\u00fcr\u00fcn\u00fc verimlilik ve yal\u0131n d\u00f6n\u00fc\u015f\u00fcm anlay\u0131\u015f\u0131yla g\u00fc\u00e7lendirecek olan Denizli Model Fabrika, 1200 metrekarelik alanda ve 1,3 milyon dolarl\u0131k yat\u0131r\u0131mla Denizli Organize Sanayi B\u00f6lgesinde hizmete a\u00e7\u0131ld\u0131.<\/p>\n<p>Denizli Sanayi Odas\u0131\u2019n\u0131n \u00f6nc\u00fcl\u00fc\u011f\u00fcnde hayata ge\u00e7irilen, Sanayi ve Teknoloji Bakanl\u0131\u011f\u0131 ile Birle\u015fmi\u015f Milletler Kalk\u0131nma Program\u0131 (UNDP) i\u015f birli\u011finde y\u00fcr\u00fct\u00fclen bir dijital d\u00f6n\u00fc\u015f\u00fcm ve yetkinlik merkezi olan Denizli Model Fabrika\u2019n\u0131n resmi a\u00e7\u0131l\u0131\u015f\u0131, Sanayi ve Teknoloji Bakan\u0131 Mehmet Fatih Kac\u0131r\u2019\u0131n kat\u0131ld\u0131\u011f\u0131 t\u00f6renle ger\u00e7ekle\u015ftirildi. T\u00f6rene ayr\u0131ca, Birle\u015fmi\u015f Milletler Genel Sekreter Yard\u0131mc\u0131s\u0131, UNDP Ba\u015fkan Yard\u0131mc\u0131s\u0131 ve Avrupa ve Orta Asya B\u00f6lge Direkt\u00f6r\u00fc Ivana ivkovi, Denizli Valisi Yavuz Selim K\u00f6\u015fger, Birle\u015fmi\u015f Milletler Nezdinde T\u00fcrkiye Daimi Temsilcisi Ahmet Y\u0131ld\u0131z, Denizli Sanayi Odas\u0131 ve Model Fabrika Y\u00f6netim Kurulu Ba\u015fkan\u0131 Selim Kasapo\u011flu, Denizli OSB Ba\u015fkan\u0131 Derya Baltal\u0131, Denizli Ticaret Odas\u0131 Ba\u015fkan\u0131 U\u011fur Erdo\u011fan, il protokol\u00fc ve \u00fcst d\u00fczey UNDP yetkilileri kat\u0131ld\u0131.<\/p>\n<p>Denizli sanayisinin gelece\u011fine stratejik bir ad\u0131m<br \/>\n<br \/>DSO ve Model Fabrika Y\u00f6netim Kurulu Ba\u015fkan\u0131 Selim Kasapo\u011flu, a\u00e7\u0131l\u0131\u015fta yapt\u0131\u011f\u0131 konu\u015fmada Denizli Model Fabrika\u2019n\u0131n s\u0131radan bir yat\u0131r\u0131m de\u011fil, uzun vadeli bir vizyon projesi oldu\u011funu vurgulad\u0131. T\u00fcrkiye\u2019nin 11. Model Fabrikas\u0131\u2019n\u0131n Denizli\u2019de hayata ge\u00e7irilmesinin \u015fehir sanayisi a\u00e7\u0131s\u0131ndan stratejik bir e\u015fik oldu\u011funu belirten Kasapo\u011flu, bu merkezin \u00fcretim k\u00fclt\u00fcr\u00fcn\u00fc daha verimli ve daha rekabet\u00e7i bir yap\u0131ya ta\u015f\u0131yaca\u011f\u0131n\u0131 ifade etti. G\u00f6reve ba\u015flad\u0131klar\u0131 ilk g\u00fcnlerde Model Fabrika projesini \u00f6ncelikli sorumluluk olarak ele ald\u0131klar\u0131n\u0131 dile getiren Kasapo\u011flu, &#8220;Bu proje bizim i\u00e7in bir yat\u0131r\u0131m karar\u0131ndan \u00f6te, Denizli sanayisinin gelece\u011fine ili\u015fkin bir vizyon meselesiydi&#8221; dedi.<\/p>\n<p>Denizli\u2019nin ihracat kapasitesi y\u00fcksek, giri\u015fimci ruhu g\u00fc\u00e7l\u00fc ve de\u011fi\u015fime a\u00e7\u0131k bir sanayi \u015fehri oldu\u011funa dikkat \u00e7eken Kasapo\u011flu, bu dinamizmin verimlilik ve yal\u0131n \u00fcretim yakla\u015f\u0131m\u0131yla desteklenmesi gerekti\u011fine inand\u0131klar\u0131n\u0131 belirtti. Kasapo\u011flu, &#8220;Bug\u00fcn 1,3 milyon dolarl\u0131k yat\u0131r\u0131m b\u00fcy\u00fckl\u00fc\u011f\u00fcne sahip, 1.200 metrekare kapal\u0131 alan\u0131 ve 400 kilovat kurulu g\u00fcc\u00fc bulunan bir verimlilik merkezini Denizli\u2019ye kazand\u0131rm\u0131\u015f bulunuyoruz. Geni\u015f payda\u015f yap\u0131s\u0131 ve yetkin profesyonel kadrosuyla hizmet verecek g\u00fc\u00e7l\u00fc bir altyap\u0131 olu\u015fturduk&#8221; ifadelerini kulland\u0131.<\/p>\n<p>\u00dcretimin kalbinde uygulamal\u0131 d\u00f6n\u00fc\u015f\u00fcm<br \/>\n<br \/>Model Fabrika\u2019n\u0131n Denizli Organize Sanayi B\u00f6lgesi\u2019nin merkezinde, \u00fcretimin tam i\u00e7inde konumland\u0131\u011f\u0131n\u0131 vurgulayan Kasapo\u011flu, merkezin uygulamal\u0131 bir d\u00f6n\u00fc\u015f\u00fcm modeli sundu\u011funu belirtti. &#8220;Model Fabrika bir bina ya da yaln\u0131zca bir e\u011fitim alan\u0131 de\u011fildir. Buras\u0131 verimlilik k\u00fclt\u00fcr\u00fcn\u00fcn uygulamal\u0131 olarak \u00f6\u011fretildi\u011fi bir d\u00f6n\u00fc\u015f\u00fcm merkezidir&#8221; diyen Kasapo\u011flu, \u00d6\u011fren-D\u00f6n\u00fc\u015f Programlar\u0131n\u0131n ilk faz\u0131na tekstil, makine imalat\u0131, kablo ve g\u0131da sekt\u00f6rlerinden firmalar\u0131n kat\u0131ld\u0131\u011f\u0131n\u0131 aktard\u0131.<\/p>\n<p>Pilot uygulamalarda elde edilen sonu\u00e7lar\u0131n dikkat \u00e7ekici oldu\u011funu belirten Kasapo\u011flu, teslimat s\u00fcrelerinde y\u00fczde 35\u2019e varan iyile\u015fme, kapasitede y\u00fczde 48\u2019e varan art\u0131\u015f ve genel verimlilikte y\u00fczde 56\u2019ya varan kazan\u0131mlar sa\u011fland\u0131\u011f\u0131n\u0131 a\u00e7\u0131klad\u0131. Yap\u0131lan harcamalar\u0131n geri d\u00f6n\u00fc\u015f s\u00fcresinin ise 1 ila 5 ay aras\u0131nda ger\u00e7ekle\u015fti\u011fini vurgulad\u0131.<\/p>\n<p>Ye\u015fil d\u00f6n\u00fc\u015f\u00fcmle tamamlanan b\u00fct\u00fcnc\u00fcl yap\u0131<br \/>\n<br \/>Kasapo\u011flu, ayn\u0131 kompleks i\u00e7inde planlanan G\u00fcney Ege Ye\u015fil D\u00f6n\u00fc\u015f\u00fcm ve Verimlilik Test Merkezi\u2019nin de s\u00fcrecin tamamlay\u0131c\u0131 unsuru olaca\u011f\u0131n\u0131 belirtti. S\u00f6z konusu merkezin enerji verimlili\u011fi, karbon ayak izi ve kaynak verimlili\u011fi alanlar\u0131nda sanayiye teknik altyap\u0131 sa\u011flayaca\u011f\u0131n\u0131 ifade eden Kasapo\u011flu, b\u00f6ylece Denizli\u2019de verimlilik ve s\u00fcrd\u00fcr\u00fclebilirli\u011fi birlikte ele alan b\u00fct\u00fcnc\u00fcl bir d\u00f6n\u00fc\u015f\u00fcm altyap\u0131s\u0131n\u0131n kurulaca\u011f\u0131n\u0131 s\u00f6yledi. Konu\u015fmas\u0131n\u0131n sonunda projeye katk\u0131 sunan t\u00fcm kurum ve payda\u015flara te\u015fekk\u00fcr eden Ba\u015fkan Kasapo\u011flu, Model Fabrika kurulum s\u00fcrecinin en ba\u015f\u0131ndan itibaren teknik desteklerini ve rehberliklerini esirgemeyen Stratejik Ara\u015ft\u0131rmalar ve Verimlilik Genel M\u00fcd\u00fcrl\u00fc\u011f\u00fcne te\u015fekk\u00fcr etti. Denizli Model Fabrika\u2019n\u0131n \u00fcretimde m\u00fckemmeliyete giden yolda sanayiciler i\u00e7in g\u00fc\u00e7l\u00fc bir dayanak noktas\u0131 olaca\u011f\u0131n\u0131 belirten Kasapo\u011flu, &#8220;T\u00fcm sorunlara ra\u011fmen, \u00fcretmeye ve m\u00fccadele etmeye devam ediyoruz&#8221; ifadelerini kullanarak, merkezin Denizli\u2019ye, b\u00f6lgeye ve \u00fclke sanayisine hay\u0131rl\u0131 olmas\u0131n\u0131 temenni etti.<\/p>\n<p>ivkovi: &#8220;Model fabrikalar yerel sahiplik ve k\u00fcresel vizyonun bulu\u015fma noktas\u0131&#8221;<br \/>\n<br \/>Birle\u015fmi\u015f Milletler Genel Sekreter Yard\u0131mc\u0131s\u0131, UNDP Ba\u015fkan Yard\u0131mc\u0131s\u0131 ve Avrupa ve Orta Asya B\u00f6lge Direkt\u00f6r\u00fc Ivana ivkovi, Denizli Model Fabrika\u2019n\u0131n a\u00e7\u0131l\u0131\u015f\u0131nda yapt\u0131\u011f\u0131 de\u011ferlendirmede, merkezin yaln\u0131zca bir \u00fcretim tesisi de\u011fil, uygulayarak \u00f6\u011frenme, s\u00fcrekli iyile\u015ftirme ve sanayi rekabet\u00e7ili\u011fini g\u00fc\u00e7lendirmeyi hedefleyen b\u00fct\u00fcnc\u00fcl bir d\u00f6n\u00fc\u015f\u00fcm modeli oldu\u011funu ifade etti. Model Fabrikalar\u0131n T\u00fcrkiye\u2019de ulusal sanayi vizyonunu firma d\u00fczeyinde somut sonu\u00e7lara d\u00f6n\u00fc\u015ft\u00fcren yenilik\u00e7i bir politika arac\u0131 haline geldi\u011fini vurgulayan ivkovi, bu ba\u015far\u0131n\u0131n Sanayi ve Teknoloji Bakanl\u0131\u011f\u0131, UNDP ve yerel payda\u015flar aras\u0131ndaki g\u00fc\u00e7l\u00fc i\u015f birli\u011finin bir yans\u0131mas\u0131 oldu\u011funu belirtti.<br \/>\n<br \/>Model Fabrikalar\u0131n, dijital ve ye\u015fil d\u00f6n\u00fc\u015f\u00fcm s\u00fcrecinde KOB\u0130\u2019lerin uyum kapasitesini ve dayan\u0131kl\u0131l\u0131\u011f\u0131n\u0131 art\u0131rmada kritik rol \u00fcstlendi\u011fine dikkat \u00e7eken ivkovi, Denizli Model Fabrika\u2019n\u0131n yerel sahiplik ile ulusal vizyonun birle\u015ferek b\u00f6lgesel ve k\u00fcresel \u00f6l\u00e7ekte de\u011fer \u00fcretebilece\u011fini g\u00f6steren g\u00fc\u00e7l\u00fc bir \u00f6rnek oldu\u011funu s\u00f6yledi.<\/p>\n<p>Bakan Kac\u0131r\u2019dan sanayicilere ye\u015fil d\u00f6n\u00fc\u015f\u00fcm ve temiz \u00fcretim vurgusu<br \/>\n<br \/>A\u00e7\u0131l\u0131\u015fta konu\u015fan Sanayi ve Teknoloji Bakan\u0131 Mehmet Fatih Kac\u0131r, &#8220;Model Fabrikalar\u0131m\u0131zdan \u2018\u00f6\u011fren-d\u00f6n\u00fc\u015f\u2019 hizmeti alan i\u015fletmelerimiz; verimlilikte y\u00fczde 76\u2019ya varan art\u0131\u015f, \u00fcretim s\u00fcrelerinde ortalama y\u00fczde 34 k\u0131salma ve \u00fcretim miktar\u0131nda y\u00fczde 140\u2019a ula\u015fan ilerleme sa\u011flad\u0131klar\u0131n\u0131 ifade ediyor.&#8221; dedi<\/p>\n<p>KOSGEB eliyle sekt\u00f6rel geli\u015fim program\u0131 kapsam\u0131nda model fabrikam\u0131z\u0131n hedeflenen performans\u0131 ortaya koymas\u0131 halinde 10 y\u0131l boyunca y\u0131ll\u0131k 6,5 milyon lira destek sa\u011flayacaklar\u0131n\u0131 belirten Bakan Kac\u0131r, G\u00fcney ege ye\u015fil d\u00f6n\u00fc\u015f\u00fcm ve verimlilik test merkezi enerji verimlili\u011fi \u00f6l\u00e7\u00fcmleri, karbon ve su ayak izi hesaplamalar\u0131 ile temiz \u00fcretim uygulamalar\u0131nda sanayicilere rehberlik edeceklerini s\u00f6yledi.<\/p>\n<p>Model Fabrika a\u00e7\u0131l\u0131\u015f konu\u015fmalar\u0131n\u0131n ard\u0131ndan, Sanayi ve Teknoloji Bakan\u0131 Mehmet Fatih Kac\u0131r ve protokol \u00fcyeleri taraf\u0131ndan kurdele kesimi ger\u00e7ekle\u015ftirildi. Kurdele t\u00f6reninin ard\u0131ndan tesis gezilerek y\u00fcr\u00fct\u00fclmesi planlanan \u00e7al\u0131\u015fmalar yerinde incelendi. Denizli\u2019ye, b\u00f6lge sanayisine ve \u00fclkemize hay\u0131rl\u0131 olmas\u0131 temenni edilen merkezin a\u00e7\u0131l\u0131\u015f program\u0131, hediye takdimi ile sona erdi.<br \/><\/p>\n","protected":false},"excerpt":{"rendered":"<p>Denizli\u2019nin k\u00f6kl\u00fc \u00fcretim k\u00fclt\u00fcr\u00fcn\u00fc verimlilik ve yal\u0131n d\u00f6n\u00fc\u015f\u00fcm anlay\u0131\u015f\u0131yla g\u00fc\u00e7lendirecek olan Denizli Model Fabrika, 1200 metrekarelik alanda ve 1,3 milyon dolarl\u0131k yat\u0131r\u0131mla Denizli Organize Sanayi B\u00f6lgesinde hizmete a\u00e7\u0131ld\u0131. Denizli Sanayi Odas\u0131\u2019n\u0131n \u00f6nc\u00fcl\u00fc\u011f\u00fcnde hayata ge\u00e7irilen, Sanayi ve Teknoloji Bakanl\u0131\u011f\u0131 ile Birle\u015fmi\u015f Milletler Kalk\u0131nma Program\u0131 (UNDP) i\u015f birli\u011finde y\u00fcr\u00fct\u00fclen bir dijital d\u00f6n\u00fc\u015f\u00fcm ve yetkinlik merkezi olan Denizli&#8230;<\/p>\n","protected":false},"author":1,"featured_media":90967,"comment_status":"open","ping_status":"open","sticky":false,"template":"","format":"standard","meta":{"_crdt_document":"","footnotes":""},"categories":[124],"tags":[],"class_list":["post-90966","post","type-post","status-publish","format-standard","has-post-thumbnail","hentry","category-bilim"],"_links":{"self":[{"href":"https:\/\/www.egemtv.com\/index.php?rest_route=\/wp\/v2\/posts\/90966","targetHints":{"allow":["GET"]}}],"collection":[{"href":"https:\/\/www.egemtv.com\/index.php?rest_route=\/wp\/v2\/posts"}],"about":[{"href":"https:\/\/www.egemtv.com\/index.php?rest_route=\/wp\/v2\/types\/post"}],"author":[{"embeddable":true,"href":"https:\/\/www.egemtv.com\/index.php?rest_route=\/wp\/v2\/users\/1"}],"replies":[{"embeddable":true,"href":"https:\/\/www.egemtv.com\/index.php?rest_route=%2Fwp%2Fv2%2Fcomments&post=90966"}],"version-history":[{"count":1,"href":"https:\/\/www.egemtv.com\/index.php?rest_route=\/wp\/v2\/posts\/90966\/revisions"}],"predecessor-version":[{"id":90968,"href":"https:\/\/www.egemtv.com\/index.php?rest_route=\/wp\/v2\/posts\/90966\/revisions\/90968"}],"wp:featuredmedia":[{"embeddable":true,"href":"https:\/\/www.egemtv.com\/index.php?rest_route=\/wp\/v2\/media\/90967"}],"wp:attachment":[{"href":"https:\/\/www.egemtv.com\/index.php?rest_route=%2Fwp%2Fv2%2Fmedia&parent=90966"}],"wp:term":[{"taxonomy":"category","embeddable":true,"href":"https:\/\/www.egemtv.com\/index.php?rest_route=%2Fwp%2Fv2%2Fcategories&post=90966"},{"taxonomy":"post_tag","embeddable":true,"href":"https:\/\/www.egemtv.com\/index.php?rest_route=%2Fwp%2Fv2%2Ftags&post=90966"}],"curies":[{"name":"wp","href":"https:\/\/api.w.org\/{rel}","templated":true}]}}