{"id":90963,"date":"2026-02-27T23:14:39","date_gmt":"2026-02-27T20:14:39","guid":{"rendered":"https:\/\/www.egemtv.com\/?p=90963"},"modified":"2026-02-27T23:14:39","modified_gmt":"2026-02-27T20:14:39","slug":"yasav-28-subatin-bin-yil-hayali-29-yilda-coktu","status":"publish","type":"post","link":"https:\/\/www.egemtv.com\/?p=90963","title":{"rendered":"Yasav: &#8220;28 \u015eubat\u2019\u0131n \u2018Bin y\u0131l\u2019 hayali 29 y\u0131lda \u00e7\u00f6kt\u00fc&#8221;"},"content":{"rendered":"<p>Memur-Sen Manisa \u0130l Temsilcisi ve E\u011fitim-Bir-Sen Manisa 1 Nolu \u015eube Ba\u015fkan\u0131 Ahmet Yasav, 28 \u015eubat darbesinin 29. y\u0131l d\u00f6n\u00fcm\u00fcnde yapt\u0131\u011f\u0131 a\u00e7\u0131klamada, darbeci zihniyetin milletin vicdan\u0131nda mahkum edildi\u011fini belirterek, &#8220;Unutmad\u0131k, unutturmayaca\u011f\u0131z&#8221; dedi.<br \/>\n<br \/>Memur-Sen Manisa \u0130l Temsilcisi ve E\u011fitim-Bir-Sen Manisa 1 Nolu \u015eube Ba\u015fkan\u0131 Ahmet Yasav, 28 \u015eubat 1997\u2019de ger\u00e7ekle\u015ftirilen post-modern darbenin 29. y\u0131l d\u00f6n\u00fcm\u00fc dolay\u0131s\u0131yla yaz\u0131l\u0131 bir bas\u0131n a\u00e7\u0131klamas\u0131 yapt\u0131.<br \/>\n<br \/>Yasav, 28 \u015eubat s\u00fcrecinin millet iradesine ve milletin de\u011ferlerine y\u00f6nelik bir m\u00fcdahale oldu\u011funu belirterek, darbeci anlay\u0131\u015f\u0131n tarihin \u00e7\u00f6p sepetine at\u0131ld\u0131\u011f\u0131n\u0131 ifade etti.<br \/>\n<br \/>&#8220;Milli G\u00fcvenlik Kurulu\u2019nun 28 \u015eubat 1997\u2019de ald\u0131\u011f\u0131 kararlar, Refah-Yol h\u00fck\u00fcmetine dayat\u0131lm\u0131\u015f; millet iradesine balans ayar\u0131 yap\u0131lmak istenmi\u015ftir&#8221; diyen Yasav, s\u00f6z konusu s\u00fcrecin sadece siyasi iktidar\u0131 de\u011fil, toplumun t\u00fcm kesimlerini hedef ald\u0131\u011f\u0131n\u0131 kaydetti.<br \/>\n<br \/>28 \u015eubat\u2019\u0131n bir m\u00fchendislik projesi olarak toplumu, siyaseti, ekonomiyi, yarg\u0131y\u0131 ve e\u011fitimi yeniden dizayn etmeyi ama\u00e7lad\u0131\u011f\u0131n\u0131 dile getiren Yasav, \u00f6zellikle inan\u00e7 \u00f6zg\u00fcrl\u00fc\u011f\u00fcne y\u00f6nelik uygulamalar\u0131n derin yaralar a\u00e7t\u0131\u011f\u0131n\u0131 vurgulad\u0131.<br \/>\n<br \/>Ba\u015f\u00f6rt\u00fcs\u00fc yasaklar\u0131, katsay\u0131 uygulamas\u0131, imam hatiplerin orta k\u0131s\u0131mlar\u0131n\u0131n kapat\u0131lmas\u0131 ve kamuda y\u00fcr\u00fct\u00fclen fi\u015flemelere dikkat \u00e7eken Yasav, &#8220;Yakla\u015f\u0131k 6 milyon insan fi\u015flendi. \u0130nanc\u0131n\u0131n gere\u011fini yerine getiren insanlar soru\u015fturmalara u\u011frad\u0131, g\u00f6revlerinden edildi, e\u011fitim haklar\u0131 engellendi&#8221; ifadelerini kulland\u0131.<br \/>\n<br \/>D\u00f6nemin askeri ve b\u00fcrokratik kadrolar\u0131n\u0131n medya, i\u015f d\u00fcnyas\u0131 ve baz\u0131 sivil toplum yap\u0131lar\u0131yla birlikte hareket etti\u011fini belirten Yasav, darbecilerin \u2018bin y\u0131l s\u00fcrecek\u2019 s\u00f6yleminin milletin kararl\u0131 duru\u015fu sayesinde tarihe g\u00f6m\u00fcld\u00fc\u011f\u00fcn\u00fc s\u00f6yledi.<br \/>\n<br \/>Yasav a\u00e7\u0131klamas\u0131nda \u015fu ifadelere yer verdi: &#8220;28 \u015eubat darbecileri yarg\u0131land\u0131, r\u00fctbeleri s\u00f6k\u00fcld\u00fc ve mahk\u00fbm edildi. Ancak onlar i\u00e7in en b\u00fcy\u00fck ceza milletimizin vicdan\u0131nda mahk\u00fbm olmalar\u0131d\u0131r. Milletimiz darbecileri bin y\u0131l s\u00fcrecek bir utanca mahk\u00fbm etmi\u015ftir.&#8221;<br \/>\n<br \/>E\u011fitim-Bir-Sen olarak s\u00fcrecin t\u00fcm boyutlar\u0131yla ayd\u0131nlat\u0131lmas\u0131 gerekti\u011fine inand\u0131klar\u0131n\u0131 belirten Yasav, \u00f6zellikle medya, siyaset ve ekonomi aya\u011f\u0131n\u0131n tam anlam\u0131yla ortaya \u00e7\u0131kar\u0131lmas\u0131n\u0131n, benzer giri\u015fimlere kar\u015f\u0131 toplumsal bilinci g\u00fc\u00e7lendirece\u011fini ifade etti.<br \/>\n<br \/>Yasav, a\u00e7\u0131klamas\u0131n\u0131, &#8220;Biz her zaman sivil iradeden, \u00f6zg\u00fcrl\u00fcklerden ve adaletten yana olduk. Vesayet\u00e7i ve darbeci anlay\u0131\u015flara kar\u015f\u0131 m\u00fccadelemizi ayn\u0131 kararl\u0131l\u0131kla s\u00fcrd\u00fcrece\u011fiz. 28 \u015eubat\u2019\u0131 unutmayacak, unutturmayaca\u011f\u0131z&#8221; s\u00f6zleriyle tamamlad\u0131.<br \/><\/p>\n","protected":false},"excerpt":{"rendered":"<p>Memur-Sen Manisa \u0130l Temsilcisi ve E\u011fitim-Bir-Sen Manisa 1 Nolu \u015eube Ba\u015fkan\u0131 Ahmet Yasav, 28 \u015eubat darbesinin 29. y\u0131l d\u00f6n\u00fcm\u00fcnde yapt\u0131\u011f\u0131 a\u00e7\u0131klamada, darbeci zihniyetin milletin vicdan\u0131nda mahkum edildi\u011fini belirterek, &#8220;Unutmad\u0131k, unutturmayaca\u011f\u0131z&#8221; dedi. Memur-Sen Manisa \u0130l Temsilcisi ve E\u011fitim-Bir-Sen Manisa 1 Nolu \u015eube Ba\u015fkan\u0131 Ahmet Yasav, 28 \u015eubat 1997\u2019de ger\u00e7ekle\u015ftirilen post-modern darbenin 29. y\u0131l d\u00f6n\u00fcm\u00fc dolay\u0131s\u0131yla yaz\u0131l\u0131&#8230;<\/p>\n","protected":false},"author":1,"featured_media":90964,"comment_status":"open","ping_status":"open","sticky":false,"template":"","format":"standard","meta":{"_crdt_document":"","footnotes":""},"categories":[127],"tags":[],"class_list":["post-90963","post","type-post","status-publish","format-standard","has-post-thumbnail","hentry","category-siyaset"],"_links":{"self":[{"href":"https:\/\/www.egemtv.com\/index.php?rest_route=\/wp\/v2\/posts\/90963","targetHints":{"allow":["GET"]}}],"collection":[{"href":"https:\/\/www.egemtv.com\/index.php?rest_route=\/wp\/v2\/posts"}],"about":[{"href":"https:\/\/www.egemtv.com\/index.php?rest_route=\/wp\/v2\/types\/post"}],"author":[{"embeddable":true,"href":"https:\/\/www.egemtv.com\/index.php?rest_route=\/wp\/v2\/users\/1"}],"replies":[{"embeddable":true,"href":"https:\/\/www.egemtv.com\/index.php?rest_route=%2Fwp%2Fv2%2Fcomments&post=90963"}],"version-history":[{"count":1,"href":"https:\/\/www.egemtv.com\/index.php?rest_route=\/wp\/v2\/posts\/90963\/revisions"}],"predecessor-version":[{"id":90965,"href":"https:\/\/www.egemtv.com\/index.php?rest_route=\/wp\/v2\/posts\/90963\/revisions\/90965"}],"wp:featuredmedia":[{"embeddable":true,"href":"https:\/\/www.egemtv.com\/index.php?rest_route=\/wp\/v2\/media\/90964"}],"wp:attachment":[{"href":"https:\/\/www.egemtv.com\/index.php?rest_route=%2Fwp%2Fv2%2Fmedia&parent=90963"}],"wp:term":[{"taxonomy":"category","embeddable":true,"href":"https:\/\/www.egemtv.com\/index.php?rest_route=%2Fwp%2Fv2%2Fcategories&post=90963"},{"taxonomy":"post_tag","embeddable":true,"href":"https:\/\/www.egemtv.com\/index.php?rest_route=%2Fwp%2Fv2%2Ftags&post=90963"}],"curies":[{"name":"wp","href":"https:\/\/api.w.org\/{rel}","templated":true}]}}