{"id":90960,"date":"2026-02-27T23:14:38","date_gmt":"2026-02-27T20:14:38","guid":{"rendered":"https:\/\/www.egemtv.com\/?p=90960"},"modified":"2026-02-27T23:14:38","modified_gmt":"2026-02-27T20:14:38","slug":"datcada-600-kisilik-iftar-sofrasi-kuruldu","status":"publish","type":"post","link":"https:\/\/www.egemtv.com\/?p=90960","title":{"rendered":"Dat\u00e7a\u2019da 600 ki\u015filik iftar sofras\u0131 kuruldu"},"content":{"rendered":"<p>Ramazan ay\u0131 dolay\u0131s\u0131yla Mu\u011fla B\u00fcy\u00fck\u015fehir Belediyesi taraf\u0131ndan Dat\u00e7a\u2019da 600 ki\u015filik iftar program\u0131 d\u00fczenlendi. \u0130lk iftar organizasyonu, Dat\u00e7a Cumhuriyet Meydan\u0131\u2019nda yo\u011fun kat\u0131l\u0131mla ger\u00e7ekle\u015ftirildi.<br \/>\n<br \/>Mu\u011fla B\u00fcy\u00fck\u015fehir Belediyesi Genel Sekreter Yard\u0131mc\u0131s\u0131 Osman Can Yenice\u2019nin organizasyonunda hayata ge\u00e7irilen programa yakla\u015f\u0131k 600 ki\u015fi kat\u0131ld\u0131. \u0130ftar yeme\u011finde birlik ve beraberlik mesajlar\u0131 verilirken, Ramazan ay\u0131n\u0131n payla\u015fma ve dayan\u0131\u015fma ruhu meydanda kurulan sofralarda ya\u015fat\u0131ld\u0131. Programa Mu\u011fla B\u00fcy\u00fck\u015fehir Belediyesi daire ba\u015fkanlar\u0131, siyasiler, belediye meclis \u00fcyeleri ve \u00e7ok say\u0131da vatanda\u015f kat\u0131l\u0131m sa\u011flad\u0131. Ak\u015fam ezan\u0131n\u0131n okunmas\u0131yla birlikte oru\u00e7lar hep birlikte dualarla a\u00e7\u0131ld\u0131. B\u00fcy\u00fck\u015fehir Belediyesi taraf\u0131ndan Ramazan ay\u0131 boyunca farkl\u0131 noktalarda iftar programlar\u0131n\u0131n devam edece\u011fi bildirildi.<br \/><\/p>\n","protected":false},"excerpt":{"rendered":"<p>Ramazan ay\u0131 dolay\u0131s\u0131yla Mu\u011fla B\u00fcy\u00fck\u015fehir Belediyesi taraf\u0131ndan Dat\u00e7a\u2019da 600 ki\u015filik iftar program\u0131 d\u00fczenlendi. \u0130lk iftar organizasyonu, Dat\u00e7a Cumhuriyet Meydan\u0131\u2019nda yo\u011fun kat\u0131l\u0131mla ger\u00e7ekle\u015ftirildi. Mu\u011fla B\u00fcy\u00fck\u015fehir Belediyesi Genel Sekreter Yard\u0131mc\u0131s\u0131 Osman Can Yenice\u2019nin organizasyonunda hayata ge\u00e7irilen programa yakla\u015f\u0131k 600 ki\u015fi kat\u0131ld\u0131. \u0130ftar yeme\u011finde birlik ve beraberlik mesajlar\u0131 verilirken, Ramazan ay\u0131n\u0131n payla\u015fma ve dayan\u0131\u015fma ruhu meydanda kurulan sofralarda&#8230;<\/p>\n","protected":false},"author":1,"featured_media":90961,"comment_status":"open","ping_status":"open","sticky":false,"template":"","format":"standard","meta":{"_crdt_document":"","footnotes":""},"categories":[1],"tags":[],"class_list":["post-90960","post","type-post","status-publish","format-standard","has-post-thumbnail","hentry","category-guncel"],"_links":{"self":[{"href":"https:\/\/www.egemtv.com\/index.php?rest_route=\/wp\/v2\/posts\/90960","targetHints":{"allow":["GET"]}}],"collection":[{"href":"https:\/\/www.egemtv.com\/index.php?rest_route=\/wp\/v2\/posts"}],"about":[{"href":"https:\/\/www.egemtv.com\/index.php?rest_route=\/wp\/v2\/types\/post"}],"author":[{"embeddable":true,"href":"https:\/\/www.egemtv.com\/index.php?rest_route=\/wp\/v2\/users\/1"}],"replies":[{"embeddable":true,"href":"https:\/\/www.egemtv.com\/index.php?rest_route=%2Fwp%2Fv2%2Fcomments&post=90960"}],"version-history":[{"count":1,"href":"https:\/\/www.egemtv.com\/index.php?rest_route=\/wp\/v2\/posts\/90960\/revisions"}],"predecessor-version":[{"id":90962,"href":"https:\/\/www.egemtv.com\/index.php?rest_route=\/wp\/v2\/posts\/90960\/revisions\/90962"}],"wp:featuredmedia":[{"embeddable":true,"href":"https:\/\/www.egemtv.com\/index.php?rest_route=\/wp\/v2\/media\/90961"}],"wp:attachment":[{"href":"https:\/\/www.egemtv.com\/index.php?rest_route=%2Fwp%2Fv2%2Fmedia&parent=90960"}],"wp:term":[{"taxonomy":"category","embeddable":true,"href":"https:\/\/www.egemtv.com\/index.php?rest_route=%2Fwp%2Fv2%2Fcategories&post=90960"},{"taxonomy":"post_tag","embeddable":true,"href":"https:\/\/www.egemtv.com\/index.php?rest_route=%2Fwp%2Fv2%2Ftags&post=90960"}],"curies":[{"name":"wp","href":"https:\/\/api.w.org\/{rel}","templated":true}]}}