{"id":90948,"date":"2026-02-27T21:37:03","date_gmt":"2026-02-27T18:37:03","guid":{"rendered":"https:\/\/www.egemtv.com\/?p=90948"},"modified":"2026-02-27T21:37:04","modified_gmt":"2026-02-27T18:37:04","slug":"baskan-basdegirmen-en-onemli-yatirimlarimizdan-birisi-ges","status":"publish","type":"post","link":"https:\/\/www.egemtv.com\/?p=90948","title":{"rendered":"Ba\u015fkan Ba\u015fde\u011firmen: &#8220;En \u00f6nemli yat\u0131r\u0131mlar\u0131m\u0131zdan birisi GES&#8221;"},"content":{"rendered":"<p>Isparta Belediyesi taraf\u0131ndan yeni otogar\u0131n \u00e7at\u0131s\u0131na 1,3 megavatl\u0131k (MW) g\u00fcne\u015f enerjisi santrali kuruluyor. Belediye Ba\u015fkan\u0131 \u015e\u00fckr\u00fc Ba\u015fde\u011firmen, GES kurma \u00e7al\u0131\u015fmalar\u0131n\u0131 yerinde inceleyerek, \u00e7al\u0131\u015fmalara ili\u015fkin bilgi ald\u0131. Ba\u015fkan Ba\u015fde\u011firmen, yeni otogar\u0131n \u00e7at\u0131s\u0131yla birlikte Isparta Belediyesi\u2019nin toplam 21 megavatl\u0131k g\u00fcne\u015f enerjisi santraline sahip oldu\u011funu s\u00f6yledi.<br \/>\n<br \/>Isparta Belediyesi, yenilenebilir enerji alan\u0131nda g\u00fcne\u015ften elektrik \u00fcretmeye devam ediyor. Bug\u00fcne kadar bir\u00e7ok GES projesini hayata ge\u00e7iren Isparta Belediyesi, kendi tesislerinde uygun olan \u00e7at\u0131lara da g\u00fcne\u015f enerjisi santrali kuruyor. Ayr\u0131ca mahallelere in\u015fa edilen kapal\u0131 pazar alanlar\u0131n\u0131n \u00e7at\u0131lar\u0131 da g\u00fcne\u015f enerjisi santralleriyle donat\u0131l\u0131yor. Isparta Belediyesi \u015fimdi de yeni otogar\u0131n \u00e7at\u0131s\u0131na GES kuruyor. Belediye Ba\u015fkan\u0131 \u015e\u00fckr\u00fc Ba\u015fde\u011firmen, yeni otogar\u0131n \u00e7at\u0131s\u0131nda devam eden GES \u00e7al\u0131\u015fmalar\u0131n\u0131 yerinde inceleyerek, \u00e7al\u0131\u015fmalara ili\u015fkin bilgi ald\u0131.<br \/>\n<br \/>Y\u00fcklenici firma yetkilisi Musa \u00c7a\u011fr\u0131 Can, yeni otogara GES kurulumunda panel d\u00f6\u015femelerini tamamlad\u0131klar\u0131n\u0131 belirterek, \u00f6n\u00fcm\u00fczdeki hafta t\u00fcm \u00e7al\u0131\u015fmalar\u0131 tamamlayarak teslim edeceklerini s\u00f6yledi. Can, &#8220;Belediyemize hay\u0131rl\u0131 u\u011furlu olsun. G\u00fcne\u015f enerjisi santrali yat\u0131r\u0131mlar\u0131 \u00f6m\u00fcrl\u00fck yat\u0131r\u0131mlar. G\u00fcne\u015f olduktan sonra belediyemizin para kazanaca\u011f\u0131 yat\u0131r\u0131mlar. Ba\u015fkan\u0131m\u0131z sa\u011f olsun GES konusunda \u00f6zverili \u00e7al\u0131\u015f\u0131yor. Belediyenin GES g\u00fcc\u00fc 20 megavat\u0131 ge\u00e7ti diye biliyorum. Buradaki GES yeni otogar\u0131n elektrik ihtiyac\u0131n\u0131 kar\u015f\u0131layacak. Esnaf elektrik kullan\u0131m \u00fccretini \u00f6deyecek ama belediye GES\u2019ten ek gelir elde etmi\u015f olacak&#8221; dedi.<\/p>\n<p>&#8220;Isparta Belediyesi i\u00e7in b\u00fcy\u00fck bir kazan\u00e7&#8221;<br \/>\n<br \/>Belediye Ba\u015fkan\u0131 \u015e\u00fckr\u00fc Ba\u015fde\u011firmen de g\u00f6reve geldi\u011fi g\u00fcnden bu yana g\u00fcne\u015f enerjisi santrallerinin kendileri i\u00e7in ne kadar \u00f6nemli oldu\u011funu her zaman dile getirdi\u011fini s\u00f6yledi. Yap\u0131lmas\u0131 gereken yat\u0131r\u0131mlar\u0131n en \u00f6nemlilerinden birisinin GES oldu\u011funa de\u011finen Ba\u015fkan Ba\u015fde\u011firmen, &#8220;\u0130lk defa yat\u0131r\u0131m maliyetinin d\u0131\u015f\u0131nda daha sonra herhangi bir maliyeti olmayan, g\u00fcne\u015f oldu\u011fu s\u00fcrece \u00fcretilen bir elektrik enerjisi var. Bu da Isparta Belediyesi i\u00e7in \u00e7ok b\u00fcy\u00fck bir kazan\u00e7t\u0131r. Yakla\u015f\u0131k 4 y\u0131l \u00f6nce bu \u00e7at\u0131daki yap\u0131lar\u0131n kald\u0131r\u0131larak yeniden \u00e7at\u0131n\u0131n kapat\u0131lmas\u0131yla alakal\u0131 bir\u00e7ok konu\u015fmalar yapm\u0131\u015ft\u0131k, gelmi\u015ftik incelemelerde bulunmu\u015ftuk. \u00d6nceki \u015fekliyle \u00fczerinin kapat\u0131lamamas\u0131 durumu ortaya \u00e7\u0131kt\u0131 ondan sonra da \u00e7at\u0131y\u0131 de\u011fi\u015ftirerek d\u00fcz bir \u00e7at\u0131 haline getirdik. Onu yaparken de \u2018ileride GES kuracak \u015fekilde stati\u011fini yap\u0131yoruz\u2019 demi\u015ftik. O g\u00fcnden bug\u00fcne s\u00f6z\u00fcm\u00fcz\u00fc yerine getirmi\u015f olduk. Burada 1,3 MW GES hizmete giriyor. Yakla\u015f\u0131k 10 g\u00fcn \u00f6nce de Davraz Kapal\u0131 Pazar Alan\u0131\u2019n\u0131n \u00e7at\u0131s\u0131na da 1,2 MW\u2019lik g\u00fcne\u015f enerjisi santrali kurmu\u015ftuk. Ayn\u0131 firma hem oray\u0131 hem buray\u0131 gayet g\u00fczel bir \u015fekilde yapt\u0131. Kendilerine de \u00e7ok te\u015fekk\u00fcr ediyorum. Kalabal\u0131k ekiple \u00e7ok d\u00fczg\u00fcn bir \u00e7al\u0131\u015fma yapt\u0131lar, \u00e7ok memnun kald\u0131k. \u015eu anda toplamda Isparta Belediyesi\u2019nin g\u00fcne\u015ften elektrik \u00fcretimi 21 MW\u2019a ula\u015ft\u0131. Bunun geliri bizim i\u00e7in en \u00f6nemli gelirlerden bir tanesi. Bu gelirlerle \u015fehrimize \u00e7ok farkl\u0131 yat\u0131r\u0131mlar yapma imkan\u0131 buluyoruz. Bu ye\u015fil, temiz enerjidir. Herhangi bir fosil yak\u0131t kullan\u0131lmadan \u00fcretilen bir enerji. Bu da hem \u015fehrimizin hem de insanlar\u0131m\u0131z\u0131n sa\u011fl\u0131kl\u0131 ya\u015famas\u0131na katk\u0131 sa\u011flayan bir \u00e7al\u0131\u015fma. T\u00fcm ihtiyac\u0131m\u0131z\u0131 kar\u015f\u0131layacak duruma gelinceye kadar g\u00fcne\u015f enerjisi santrallerini kurmaya devam edece\u011fiz. Uzun y\u0131llar Isparta\u2019m\u0131z buradan \u00fcretilecek elektrikle gelece\u011fine yat\u0131r\u0131m yapacak. \u00c7ocuklar\u0131m\u0131z\u0131n geleceklerini buralardan gelecek gelirlerle haz\u0131rlayaca\u011f\u0131z&#8221; ifadelerini kulland\u0131.<br \/><\/p>\n","protected":false},"excerpt":{"rendered":"<p>Isparta Belediyesi taraf\u0131ndan yeni otogar\u0131n \u00e7at\u0131s\u0131na 1,3 megavatl\u0131k (MW) g\u00fcne\u015f enerjisi santrali kuruluyor. Belediye Ba\u015fkan\u0131 \u015e\u00fckr\u00fc Ba\u015fde\u011firmen, GES kurma \u00e7al\u0131\u015fmalar\u0131n\u0131 yerinde inceleyerek, \u00e7al\u0131\u015fmalara ili\u015fkin bilgi ald\u0131. Ba\u015fkan Ba\u015fde\u011firmen, yeni otogar\u0131n \u00e7at\u0131s\u0131yla birlikte Isparta Belediyesi\u2019nin toplam 21 megavatl\u0131k g\u00fcne\u015f enerjisi santraline sahip oldu\u011funu s\u00f6yledi. Isparta Belediyesi, yenilenebilir enerji alan\u0131nda g\u00fcne\u015ften elektrik \u00fcretmeye devam ediyor. Bug\u00fcne kadar&#8230;<\/p>\n","protected":false},"author":1,"featured_media":90949,"comment_status":"open","ping_status":"open","sticky":false,"template":"","format":"standard","meta":{"_crdt_document":"","footnotes":""},"categories":[1],"tags":[],"class_list":["post-90948","post","type-post","status-publish","format-standard","has-post-thumbnail","hentry","category-guncel"],"_links":{"self":[{"href":"https:\/\/www.egemtv.com\/index.php?rest_route=\/wp\/v2\/posts\/90948","targetHints":{"allow":["GET"]}}],"collection":[{"href":"https:\/\/www.egemtv.com\/index.php?rest_route=\/wp\/v2\/posts"}],"about":[{"href":"https:\/\/www.egemtv.com\/index.php?rest_route=\/wp\/v2\/types\/post"}],"author":[{"embeddable":true,"href":"https:\/\/www.egemtv.com\/index.php?rest_route=\/wp\/v2\/users\/1"}],"replies":[{"embeddable":true,"href":"https:\/\/www.egemtv.com\/index.php?rest_route=%2Fwp%2Fv2%2Fcomments&post=90948"}],"version-history":[{"count":1,"href":"https:\/\/www.egemtv.com\/index.php?rest_route=\/wp\/v2\/posts\/90948\/revisions"}],"predecessor-version":[{"id":90950,"href":"https:\/\/www.egemtv.com\/index.php?rest_route=\/wp\/v2\/posts\/90948\/revisions\/90950"}],"wp:featuredmedia":[{"embeddable":true,"href":"https:\/\/www.egemtv.com\/index.php?rest_route=\/wp\/v2\/media\/90949"}],"wp:attachment":[{"href":"https:\/\/www.egemtv.com\/index.php?rest_route=%2Fwp%2Fv2%2Fmedia&parent=90948"}],"wp:term":[{"taxonomy":"category","embeddable":true,"href":"https:\/\/www.egemtv.com\/index.php?rest_route=%2Fwp%2Fv2%2Fcategories&post=90948"},{"taxonomy":"post_tag","embeddable":true,"href":"https:\/\/www.egemtv.com\/index.php?rest_route=%2Fwp%2Fv2%2Ftags&post=90948"}],"curies":[{"name":"wp","href":"https:\/\/api.w.org\/{rel}","templated":true}]}}