{"id":90945,"date":"2026-02-27T20:54:40","date_gmt":"2026-02-27T17:54:40","guid":{"rendered":"https:\/\/www.egemtv.com\/?p=90945"},"modified":"2026-02-27T20:54:42","modified_gmt":"2026-02-27T17:54:42","slug":"binlerce-vatandas-aydin-buyuksehirin-iftar-sofralarinda-bulusuyor","status":"publish","type":"post","link":"https:\/\/www.egemtv.com\/?p=90945","title":{"rendered":"Binlerce vatanda\u015f Ayd\u0131n B\u00fcy\u00fck\u015fehir\u2019in iftar sofralar\u0131nda bulu\u015fuyor"},"content":{"rendered":"<p>Her y\u0131l oldu\u011fu gibi bu y\u0131l da vatanda\u015flar\u0131 iftar sofralar\u0131nda bulu\u015fturan Ayd\u0131n B\u00fcy\u00fck\u015fehir Belediyesi, Ramazan ay\u0131n\u0131n bereketini ve dayan\u0131\u015fma ruhunu Ayd\u0131n\u2019\u0131n d\u00f6rt bir yan\u0131na ta\u015f\u0131may\u0131 s\u00fcrd\u00fcr\u00fcyor. B\u00fcy\u00fck\u015fehir Belediyesi\u2019nin kurdu\u011fu g\u00f6n\u00fcl sofralar\u0131nda her ya\u015ftan her g\u00fcn binlerce vatanda\u015f bir araya geliyor.<\/p>\n<p>B\u00fcy\u00fck\u015fehir Belediyesi\u2019nin iftar sofralar\u0131 bug\u00fcn de Efeler il\u00e7esi Atat\u00fcrk Kent Meydan\u0131 ve Kad\u0131k\u00f6y Mahallesi\u2019nde, Yenipazar il\u00e7esi kapal\u0131 pazar yerinde, Ku\u015fadas\u0131 il\u00e7esi \u0130smail Cem Dostluk ve Bar\u0131\u015f Meydan\u0131\u2019nda, Karacasu il\u00e7esi Geyre Mahallesi\u2019nde, Germencik il\u00e7esi H\u0131d\u0131rbeyli Mahallesi\u2019nde, Ko\u00e7arl\u0131 il\u00e7esi Dedek\u00f6y Mahallesi\u2019nde ve Nazilli il\u00e7esi A\u015fa\u011f\u0131kayac\u0131k Mahallesi\u2019nde kuruldu.<\/p>\n<p>B\u00fcy\u00fck\u015fehir Belediyesi\u2019nin iftar sofralar\u0131nda bug\u00fcn de binlerce vatanda\u015f oru\u00e7lar\u0131n\u0131 hep birlikte a\u00e7t\u0131. Mahallelerinde kurulan sofralarda bir araya gelen vatanda\u015flar, Ramazan ay\u0131n\u0131n birlik ve beraberlik ruhunu hep birlikte ya\u015fad\u0131klar\u0131n\u0131 belirterek Ayd\u0131n B\u00fcy\u00fck\u015fehir Belediye Ba\u015fkan\u0131 \u00d6zlem \u00c7er\u00e7io\u011flu\u2019na te\u015fekk\u00fcr etti.<br \/>\n<br \/>Ayd\u0131n B\u00fcy\u00fck\u015fehir Belediyesi, Ramazan ay\u0131 boyunca iftar sofralar\u0131yla Ayd\u0131nl\u0131lar\u0131 bir araya getirmeyi s\u00fcrd\u00fcrecek.<br \/><\/p>\n","protected":false},"excerpt":{"rendered":"<p>Her y\u0131l oldu\u011fu gibi bu y\u0131l da vatanda\u015flar\u0131 iftar sofralar\u0131nda bulu\u015fturan Ayd\u0131n B\u00fcy\u00fck\u015fehir Belediyesi, Ramazan ay\u0131n\u0131n bereketini ve dayan\u0131\u015fma ruhunu Ayd\u0131n\u2019\u0131n d\u00f6rt bir yan\u0131na ta\u015f\u0131may\u0131 s\u00fcrd\u00fcr\u00fcyor. B\u00fcy\u00fck\u015fehir Belediyesi\u2019nin kurdu\u011fu g\u00f6n\u00fcl sofralar\u0131nda her ya\u015ftan her g\u00fcn binlerce vatanda\u015f bir araya geliyor. B\u00fcy\u00fck\u015fehir Belediyesi\u2019nin iftar sofralar\u0131 bug\u00fcn de Efeler il\u00e7esi Atat\u00fcrk Kent Meydan\u0131 ve Kad\u0131k\u00f6y Mahallesi\u2019nde, Yenipazar&#8230;<\/p>\n","protected":false},"author":1,"featured_media":90946,"comment_status":"open","ping_status":"open","sticky":false,"template":"","format":"standard","meta":{"_crdt_document":"","footnotes":""},"categories":[5],"tags":[],"class_list":["post-90945","post","type-post","status-publish","format-standard","has-post-thumbnail","hentry","category-asayis"],"_links":{"self":[{"href":"https:\/\/www.egemtv.com\/index.php?rest_route=\/wp\/v2\/posts\/90945","targetHints":{"allow":["GET"]}}],"collection":[{"href":"https:\/\/www.egemtv.com\/index.php?rest_route=\/wp\/v2\/posts"}],"about":[{"href":"https:\/\/www.egemtv.com\/index.php?rest_route=\/wp\/v2\/types\/post"}],"author":[{"embeddable":true,"href":"https:\/\/www.egemtv.com\/index.php?rest_route=\/wp\/v2\/users\/1"}],"replies":[{"embeddable":true,"href":"https:\/\/www.egemtv.com\/index.php?rest_route=%2Fwp%2Fv2%2Fcomments&post=90945"}],"version-history":[{"count":1,"href":"https:\/\/www.egemtv.com\/index.php?rest_route=\/wp\/v2\/posts\/90945\/revisions"}],"predecessor-version":[{"id":90947,"href":"https:\/\/www.egemtv.com\/index.php?rest_route=\/wp\/v2\/posts\/90945\/revisions\/90947"}],"wp:featuredmedia":[{"embeddable":true,"href":"https:\/\/www.egemtv.com\/index.php?rest_route=\/wp\/v2\/media\/90946"}],"wp:attachment":[{"href":"https:\/\/www.egemtv.com\/index.php?rest_route=%2Fwp%2Fv2%2Fmedia&parent=90945"}],"wp:term":[{"taxonomy":"category","embeddable":true,"href":"https:\/\/www.egemtv.com\/index.php?rest_route=%2Fwp%2Fv2%2Fcategories&post=90945"},{"taxonomy":"post_tag","embeddable":true,"href":"https:\/\/www.egemtv.com\/index.php?rest_route=%2Fwp%2Fv2%2Ftags&post=90945"}],"curies":[{"name":"wp","href":"https:\/\/api.w.org\/{rel}","templated":true}]}}