{"id":90942,"date":"2026-02-27T20:34:59","date_gmt":"2026-02-27T17:34:59","guid":{"rendered":"https:\/\/www.egemtv.com\/?p=90942"},"modified":"2026-02-27T20:35:00","modified_gmt":"2026-02-27T17:35:00","slug":"mustehcen-icerek-bulundurdugu-iddia-edilen-supheli-yakalandi","status":"publish","type":"post","link":"https:\/\/www.egemtv.com\/?p=90942","title":{"rendered":"M\u00fcstehcen i\u00e7erek bulundurdu\u011fu iddia edilen \u015f\u00fcpheli yakaland\u0131"},"content":{"rendered":"<p>Ayd\u0131n\u2019da jandarma ekipleri taraf\u0131ndan \u00e7ocuklara y\u00f6nelik m\u00fcstehcen i\u00e7erikleri dijital ortamda depolad\u0131\u011f\u0131 iddia edilen \u015f\u00fcpheli jandarma ekipleri taraf\u0131ndan yakaland\u0131.<br \/>\n<br \/>Ayd\u0131n \u0130l Jandarma Komutanl\u0131\u011f\u0131 Siber Su\u00e7larla M\u00fccadele \u015eube M\u00fcd\u00fcrl\u00fc\u011f\u00fc ile S\u00f6ke \u0130l\u00e7e Jandarma Komutanl\u0131\u011f\u0131 ekiplerince y\u00fcr\u00fct\u00fclen \u00e7al\u0131\u015fmalar kapsam\u0131nda, \u00e7ocuklara y\u00f6nelik m\u00fcstehcen i\u00e7erik bulundurdu\u011fu ve dijital ortamda depolad\u0131\u011f\u0131 de\u011ferlendirilen E.A. (49) isimli \u015fahs\u0131n S\u00f6ke il\u00e7esinde ikamet etti\u011fi tespit edildi. 26 \u015eubat 2026 tarihinde \u015f\u00fcpheliye ait adreste operasyon ger\u00e7ekle\u015ftirildi.<br \/>\n<br \/>Yap\u0131lan arama ve el koyma i\u015flemleri neticesinde; 1 adet laptop, 1 adet cep telefonu, 1 adet tablet, 1 adet USB bellek, 5 adet SIM kart, 1 adet harici hard disk ele ge\u00e7irilerek muhafaza alt\u0131na al\u0131nd\u0131.<br \/>\n<br \/>\u015e\u00fcpheli \u015fah\u0131s, ifade i\u015flemlerinin ard\u0131ndan sevk edildi\u011fi adli makamlarca tutuklanarak Ceza \u0130nfaz Kurumu\u2019na g\u00f6nderildi.<br \/><\/p>\n","protected":false},"excerpt":{"rendered":"<p>Ayd\u0131n\u2019da jandarma ekipleri taraf\u0131ndan \u00e7ocuklara y\u00f6nelik m\u00fcstehcen i\u00e7erikleri dijital ortamda depolad\u0131\u011f\u0131 iddia edilen \u015f\u00fcpheli jandarma ekipleri taraf\u0131ndan yakaland\u0131. Ayd\u0131n \u0130l Jandarma Komutanl\u0131\u011f\u0131 Siber Su\u00e7larla M\u00fccadele \u015eube M\u00fcd\u00fcrl\u00fc\u011f\u00fc ile S\u00f6ke \u0130l\u00e7e Jandarma Komutanl\u0131\u011f\u0131 ekiplerince y\u00fcr\u00fct\u00fclen \u00e7al\u0131\u015fmalar kapsam\u0131nda, \u00e7ocuklara y\u00f6nelik m\u00fcstehcen i\u00e7erik bulundurdu\u011fu ve dijital ortamda depolad\u0131\u011f\u0131 de\u011ferlendirilen E.A. (49) isimli \u015fahs\u0131n S\u00f6ke il\u00e7esinde ikamet etti\u011fi tespit&#8230;<\/p>\n","protected":false},"author":1,"featured_media":90943,"comment_status":"open","ping_status":"open","sticky":false,"template":"","format":"standard","meta":{"_crdt_document":"","footnotes":""},"categories":[5],"tags":[],"class_list":["post-90942","post","type-post","status-publish","format-standard","has-post-thumbnail","hentry","category-asayis"],"_links":{"self":[{"href":"https:\/\/www.egemtv.com\/index.php?rest_route=\/wp\/v2\/posts\/90942","targetHints":{"allow":["GET"]}}],"collection":[{"href":"https:\/\/www.egemtv.com\/index.php?rest_route=\/wp\/v2\/posts"}],"about":[{"href":"https:\/\/www.egemtv.com\/index.php?rest_route=\/wp\/v2\/types\/post"}],"author":[{"embeddable":true,"href":"https:\/\/www.egemtv.com\/index.php?rest_route=\/wp\/v2\/users\/1"}],"replies":[{"embeddable":true,"href":"https:\/\/www.egemtv.com\/index.php?rest_route=%2Fwp%2Fv2%2Fcomments&post=90942"}],"version-history":[{"count":1,"href":"https:\/\/www.egemtv.com\/index.php?rest_route=\/wp\/v2\/posts\/90942\/revisions"}],"predecessor-version":[{"id":90944,"href":"https:\/\/www.egemtv.com\/index.php?rest_route=\/wp\/v2\/posts\/90942\/revisions\/90944"}],"wp:featuredmedia":[{"embeddable":true,"href":"https:\/\/www.egemtv.com\/index.php?rest_route=\/wp\/v2\/media\/90943"}],"wp:attachment":[{"href":"https:\/\/www.egemtv.com\/index.php?rest_route=%2Fwp%2Fv2%2Fmedia&parent=90942"}],"wp:term":[{"taxonomy":"category","embeddable":true,"href":"https:\/\/www.egemtv.com\/index.php?rest_route=%2Fwp%2Fv2%2Fcategories&post=90942"},{"taxonomy":"post_tag","embeddable":true,"href":"https:\/\/www.egemtv.com\/index.php?rest_route=%2Fwp%2Fv2%2Ftags&post=90942"}],"curies":[{"name":"wp","href":"https:\/\/api.w.org\/{rel}","templated":true}]}}