{"id":90939,"date":"2026-02-27T20:34:58","date_gmt":"2026-02-27T17:34:58","guid":{"rendered":"https:\/\/www.egemtv.com\/?p=90939"},"modified":"2026-02-27T20:34:59","modified_gmt":"2026-02-27T17:34:59","slug":"kusadasinda-aydin-buyuksehir-belediyesinin-iftar-programina-vatandaslardan-yogun-ilgi","status":"publish","type":"post","link":"https:\/\/www.egemtv.com\/?p=90939","title":{"rendered":"Ku\u015fadas\u0131\u2019nda Ayd\u0131n B\u00fcy\u00fck\u015fehir Belediyesi\u2019nin \u0130ftar Program\u0131\u2019na vatanda\u015flardan yo\u011fun ilgi"},"content":{"rendered":"<p>Ayd\u0131n B\u00fcy\u00fck\u015fehir Belediyesi\u2019nin Ku\u015fadas\u0131\u2019nda d\u00fczenledi\u011fi iftar program\u0131, \u0130smail Cem Dostluk ve Bar\u0131\u015f Meydan\u0131\u2019n\u0131 dolduran yo\u011fun kat\u0131l\u0131mla ger\u00e7ekle\u015fti. Y\u00fczlerce vatanda\u015f\u0131n bir araya geldi\u011fi programda birlik ve beraberlik g\u00f6r\u00fcnt\u00fcleri \u00f6ne \u00e7\u0131karken, vatanda\u015flar Ba\u015fkan \u00d6zlem \u00c7er\u00e7io\u011flu\u2019na te\u015fekk\u00fcr etti ve hizmetlerinden duyduklar\u0131 memnuniyeti dile getirdiler.<\/p>\n<p>Ayd\u0131n B\u00fcy\u00fck\u015fehir Belediyesi taraf\u0131ndan Ku\u015fadas\u0131\u2019nda d\u00fczenlenen iftar program\u0131, y\u00fczlerce vatanda\u015f\u0131n kat\u0131l\u0131m\u0131yla ger\u00e7ekle\u015ftirildi. \u0130smail Cem Dostluk ve Bar\u0131\u015f Meydan\u0131\u2019nda kurulan iftar sofras\u0131, Ramazan ak\u015fam\u0131nda yo\u011fun kalabal\u0131\u011fa ev sahipli\u011fi yapt\u0131.<\/p>\n<p>Meydan k\u0131sa s\u00fcrede dolarken, olu\u015fan yo\u011funluk program\u0131n geni\u015f kat\u0131l\u0131mla ger\u00e7ekle\u015fti\u011fini ortaya koydu. Ayn\u0131 sofrada bulu\u015fan Ku\u015fadal\u0131lar, Ramazan\u2019\u0131n payla\u015fma ve dayan\u0131\u015fma ruhunu birlikte ya\u015fad\u0131.<\/p>\n<p>Programa AK Parti Ayd\u0131n Milletvekili Seda Sar\u0131ba\u015f ile AK Parti Ku\u015fadas\u0131 \u0130l\u00e7e Ba\u015fkan\u0131 Fatih Sar\u0131g\u00f6z de kat\u0131larak vatanda\u015flarla bir araya geldi.<\/p>\n<p>\u0130ftar program\u0131na kat\u0131lan vatanda\u015flar, d\u00fczenlenen organizasyon nedeniyle Ayd\u0131n B\u00fcy\u00fck\u015fehir Belediye Ba\u015fkan\u0131 \u00d6zlem \u00c7er\u00e7io\u011flu\u2019na te\u015fekk\u00fcr ederek Ramazan ay\u0131nda kurulan birlik ve beraberlik ortam\u0131ndan ve Ayd\u0131n B\u00fcy\u00fck\u015fehir Belediyesi\u2019nin il\u00e7ede ger\u00e7ekle\u015ftirdi\u011fi hizmetlerden duyduklar\u0131 memnuniyeti dile getirdi.<br \/><\/p>\n","protected":false},"excerpt":{"rendered":"<p>Ayd\u0131n B\u00fcy\u00fck\u015fehir Belediyesi\u2019nin Ku\u015fadas\u0131\u2019nda d\u00fczenledi\u011fi iftar program\u0131, \u0130smail Cem Dostluk ve Bar\u0131\u015f Meydan\u0131\u2019n\u0131 dolduran yo\u011fun kat\u0131l\u0131mla ger\u00e7ekle\u015fti. Y\u00fczlerce vatanda\u015f\u0131n bir araya geldi\u011fi programda birlik ve beraberlik g\u00f6r\u00fcnt\u00fcleri \u00f6ne \u00e7\u0131karken, vatanda\u015flar Ba\u015fkan \u00d6zlem \u00c7er\u00e7io\u011flu\u2019na te\u015fekk\u00fcr etti ve hizmetlerinden duyduklar\u0131 memnuniyeti dile getirdiler. Ayd\u0131n B\u00fcy\u00fck\u015fehir Belediyesi taraf\u0131ndan Ku\u015fadas\u0131\u2019nda d\u00fczenlenen iftar program\u0131, y\u00fczlerce vatanda\u015f\u0131n kat\u0131l\u0131m\u0131yla ger\u00e7ekle\u015ftirildi. \u0130smail Cem&#8230;<\/p>\n","protected":false},"author":1,"featured_media":90940,"comment_status":"open","ping_status":"open","sticky":false,"template":"","format":"standard","meta":{"_crdt_document":"","footnotes":""},"categories":[5],"tags":[],"class_list":["post-90939","post","type-post","status-publish","format-standard","has-post-thumbnail","hentry","category-asayis"],"_links":{"self":[{"href":"https:\/\/www.egemtv.com\/index.php?rest_route=\/wp\/v2\/posts\/90939","targetHints":{"allow":["GET"]}}],"collection":[{"href":"https:\/\/www.egemtv.com\/index.php?rest_route=\/wp\/v2\/posts"}],"about":[{"href":"https:\/\/www.egemtv.com\/index.php?rest_route=\/wp\/v2\/types\/post"}],"author":[{"embeddable":true,"href":"https:\/\/www.egemtv.com\/index.php?rest_route=\/wp\/v2\/users\/1"}],"replies":[{"embeddable":true,"href":"https:\/\/www.egemtv.com\/index.php?rest_route=%2Fwp%2Fv2%2Fcomments&post=90939"}],"version-history":[{"count":1,"href":"https:\/\/www.egemtv.com\/index.php?rest_route=\/wp\/v2\/posts\/90939\/revisions"}],"predecessor-version":[{"id":90941,"href":"https:\/\/www.egemtv.com\/index.php?rest_route=\/wp\/v2\/posts\/90939\/revisions\/90941"}],"wp:featuredmedia":[{"embeddable":true,"href":"https:\/\/www.egemtv.com\/index.php?rest_route=\/wp\/v2\/media\/90940"}],"wp:attachment":[{"href":"https:\/\/www.egemtv.com\/index.php?rest_route=%2Fwp%2Fv2%2Fmedia&parent=90939"}],"wp:term":[{"taxonomy":"category","embeddable":true,"href":"https:\/\/www.egemtv.com\/index.php?rest_route=%2Fwp%2Fv2%2Fcategories&post=90939"},{"taxonomy":"post_tag","embeddable":true,"href":"https:\/\/www.egemtv.com\/index.php?rest_route=%2Fwp%2Fv2%2Ftags&post=90939"}],"curies":[{"name":"wp","href":"https:\/\/api.w.org\/{rel}","templated":true}]}}