{"id":90930,"date":"2026-02-27T20:14:33","date_gmt":"2026-02-27T17:14:33","guid":{"rendered":"https:\/\/www.egemtv.com\/?p=90930"},"modified":"2026-02-27T20:14:34","modified_gmt":"2026-02-27T17:14:34","slug":"muglada-sosyal-medyadan-dezenformasyon-sorusturmasinda-3-tutuklama","status":"publish","type":"post","link":"https:\/\/www.egemtv.com\/?p=90930","title":{"rendered":"Mu\u011fla\u2019da sosyal medyadan dezenformasyon soru\u015fturmas\u0131nda 3 tutuklama"},"content":{"rendered":"<p>Mu\u011fla\u2019da sahte sosyal medya \u00fczerinden hakaret, tehdit ve dezenformasyon yap\u0131ld\u0131\u011f\u0131 iddialar\u0131yla ilgili y\u00fcr\u00fct\u00fclen soru\u015fturma kapsam\u0131nda 3 ki\u015fi tutukland\u0131.<br \/>\n<br \/>Mu\u011fla Cumhuriyet Ba\u015fsavc\u0131l\u0131\u011f\u0131 koordinesinde y\u00fcr\u00fct\u00fclen geni\u015f kapsaml\u0131 soru\u015fturmada ikinci dalga operasyon ger\u00e7ekle\u015fti. Mu\u011fla \u0130l Emniyet M\u00fcd\u00fcrl\u00fc\u011f\u00fc ekipleri taraf\u0131ndan kentin farkl\u0131 il\u00e7elerinde e\u015f zamanl\u0131 olarak d\u00fczenlenen operasyonlarda, dijital mecralar \u00fczerinden sistematik \u015fekilde dezenformasyon yap\u0131ld\u0131\u011f\u0131 iddialar\u0131 \u00fczerine harekete ge\u00e7ildi. Operasyon kapsam\u0131nda farkl\u0131 il\u00e7elerde yakalanarak g\u00f6zalt\u0131na al\u0131nan 8 \u015f\u00fcpheliden M.G, S.C.B, H.D tutuklan\u0131rken H.T, O.A.,M.K,S.K., U.K. adli kontrol \u015fart\u0131 ile serbest b\u0131rak\u0131ld\u0131.<br \/><\/p>\n","protected":false},"excerpt":{"rendered":"<p>Mu\u011fla\u2019da sahte sosyal medya \u00fczerinden hakaret, tehdit ve dezenformasyon yap\u0131ld\u0131\u011f\u0131 iddialar\u0131yla ilgili y\u00fcr\u00fct\u00fclen soru\u015fturma kapsam\u0131nda 3 ki\u015fi tutukland\u0131. Mu\u011fla Cumhuriyet Ba\u015fsavc\u0131l\u0131\u011f\u0131 koordinesinde y\u00fcr\u00fct\u00fclen geni\u015f kapsaml\u0131 soru\u015fturmada ikinci dalga operasyon ger\u00e7ekle\u015fti. Mu\u011fla \u0130l Emniyet M\u00fcd\u00fcrl\u00fc\u011f\u00fc ekipleri taraf\u0131ndan kentin farkl\u0131 il\u00e7elerinde e\u015f zamanl\u0131 olarak d\u00fczenlenen operasyonlarda, dijital mecralar \u00fczerinden sistematik \u015fekilde dezenformasyon yap\u0131ld\u0131\u011f\u0131 iddialar\u0131 \u00fczerine harekete ge\u00e7ildi&#8230;.<\/p>\n","protected":false},"author":1,"featured_media":90931,"comment_status":"open","ping_status":"open","sticky":false,"template":"","format":"standard","meta":{"_crdt_document":"","footnotes":""},"categories":[5],"tags":[],"class_list":["post-90930","post","type-post","status-publish","format-standard","has-post-thumbnail","hentry","category-asayis"],"_links":{"self":[{"href":"https:\/\/www.egemtv.com\/index.php?rest_route=\/wp\/v2\/posts\/90930","targetHints":{"allow":["GET"]}}],"collection":[{"href":"https:\/\/www.egemtv.com\/index.php?rest_route=\/wp\/v2\/posts"}],"about":[{"href":"https:\/\/www.egemtv.com\/index.php?rest_route=\/wp\/v2\/types\/post"}],"author":[{"embeddable":true,"href":"https:\/\/www.egemtv.com\/index.php?rest_route=\/wp\/v2\/users\/1"}],"replies":[{"embeddable":true,"href":"https:\/\/www.egemtv.com\/index.php?rest_route=%2Fwp%2Fv2%2Fcomments&post=90930"}],"version-history":[{"count":1,"href":"https:\/\/www.egemtv.com\/index.php?rest_route=\/wp\/v2\/posts\/90930\/revisions"}],"predecessor-version":[{"id":90932,"href":"https:\/\/www.egemtv.com\/index.php?rest_route=\/wp\/v2\/posts\/90930\/revisions\/90932"}],"wp:featuredmedia":[{"embeddable":true,"href":"https:\/\/www.egemtv.com\/index.php?rest_route=\/wp\/v2\/media\/90931"}],"wp:attachment":[{"href":"https:\/\/www.egemtv.com\/index.php?rest_route=%2Fwp%2Fv2%2Fmedia&parent=90930"}],"wp:term":[{"taxonomy":"category","embeddable":true,"href":"https:\/\/www.egemtv.com\/index.php?rest_route=%2Fwp%2Fv2%2Fcategories&post=90930"},{"taxonomy":"post_tag","embeddable":true,"href":"https:\/\/www.egemtv.com\/index.php?rest_route=%2Fwp%2Fv2%2Ftags&post=90930"}],"curies":[{"name":"wp","href":"https:\/\/api.w.org\/{rel}","templated":true}]}}