{"id":90927,"date":"2026-02-27T19:56:05","date_gmt":"2026-02-27T16:56:05","guid":{"rendered":"https:\/\/www.egemtv.com\/?p=90927"},"modified":"2026-02-27T19:56:06","modified_gmt":"2026-02-27T16:56:06","slug":"torbalidaki-fabrika-yangini-sonduruldu","status":"publish","type":"post","link":"https:\/\/www.egemtv.com\/?p=90927","title":{"rendered":"Torbal\u0131\u2019daki fabrika yang\u0131n\u0131 s\u00f6nd\u00fcr\u00fcld\u00fc"},"content":{"rendered":"<p>\u0130zmir\u2019in Torbal\u0131 il\u00e7esindeki bir geri d\u00f6n\u00fc\u015f\u00fcm fabrikas\u0131nda \u00e7\u0131kan ve yan\u0131ndaki tesise s\u0131\u00e7rayan yang\u0131n s\u00f6nd\u00fcr\u00fcld\u00fc. Olayda iki fabrikada da b\u00fcy\u00fck \u00e7apl\u0131 maddi hasar meydana geldi.<br \/>\n<br \/>Suba\u015f\u0131 Mahallesi\u2019nde faaliyet g\u00f6steren bir geri d\u00f6n\u00fc\u015f\u00fcm fabrikas\u0131nda saat 14.45 s\u0131ralar\u0131nda hen\u00fcz belirlenemeyen bir sebeple alevler y\u00fckseldi. Tesisin i\u00e7indeki materyallerin tutu\u015fmas\u0131yla h\u0131zla yay\u0131lan yang\u0131n, yan tarafta bulunan ba\u015fka bir fabrikaya daha sirayet etti. G\u00f6ky\u00fcz\u00fcn\u00fc kaplayan yo\u011fun dumanlar \u00e7evreden de g\u00f6r\u00fcld\u00fc. \u0130hbar \u00fczerine olay yerine \u00e7ok say\u0131da itfaiye ve polis ekibi sevk edildi. B\u00f6lgeye ula\u015fan itfaiye ekipleri, her iki tesisi de saran alevlere m\u00fcdahale etti. Ekiplerin \u00e7al\u0131\u015fmas\u0131 sonucu yang\u0131n kontrol alt\u0131na al\u0131narak tamamen s\u00f6nd\u00fcr\u00fcld\u00fc. Yang\u0131n sonras\u0131 fabrikalarda b\u00fcy\u00fck \u00e7apl\u0131 maddi hasar olu\u015ftu.<br \/><\/p>\n","protected":false},"excerpt":{"rendered":"<p>\u0130zmir\u2019in Torbal\u0131 il\u00e7esindeki bir geri d\u00f6n\u00fc\u015f\u00fcm fabrikas\u0131nda \u00e7\u0131kan ve yan\u0131ndaki tesise s\u0131\u00e7rayan yang\u0131n s\u00f6nd\u00fcr\u00fcld\u00fc. Olayda iki fabrikada da b\u00fcy\u00fck \u00e7apl\u0131 maddi hasar meydana geldi. Suba\u015f\u0131 Mahallesi\u2019nde faaliyet g\u00f6steren bir geri d\u00f6n\u00fc\u015f\u00fcm fabrikas\u0131nda saat 14.45 s\u0131ralar\u0131nda hen\u00fcz belirlenemeyen bir sebeple alevler y\u00fckseldi. Tesisin i\u00e7indeki materyallerin tutu\u015fmas\u0131yla h\u0131zla yay\u0131lan yang\u0131n, yan tarafta bulunan ba\u015fka bir fabrikaya daha&#8230;<\/p>\n","protected":false},"author":1,"featured_media":90928,"comment_status":"open","ping_status":"open","sticky":false,"template":"","format":"standard","meta":{"_crdt_document":"","footnotes":""},"categories":[5],"tags":[],"class_list":["post-90927","post","type-post","status-publish","format-standard","has-post-thumbnail","hentry","category-asayis"],"_links":{"self":[{"href":"https:\/\/www.egemtv.com\/index.php?rest_route=\/wp\/v2\/posts\/90927","targetHints":{"allow":["GET"]}}],"collection":[{"href":"https:\/\/www.egemtv.com\/index.php?rest_route=\/wp\/v2\/posts"}],"about":[{"href":"https:\/\/www.egemtv.com\/index.php?rest_route=\/wp\/v2\/types\/post"}],"author":[{"embeddable":true,"href":"https:\/\/www.egemtv.com\/index.php?rest_route=\/wp\/v2\/users\/1"}],"replies":[{"embeddable":true,"href":"https:\/\/www.egemtv.com\/index.php?rest_route=%2Fwp%2Fv2%2Fcomments&post=90927"}],"version-history":[{"count":1,"href":"https:\/\/www.egemtv.com\/index.php?rest_route=\/wp\/v2\/posts\/90927\/revisions"}],"predecessor-version":[{"id":90929,"href":"https:\/\/www.egemtv.com\/index.php?rest_route=\/wp\/v2\/posts\/90927\/revisions\/90929"}],"wp:featuredmedia":[{"embeddable":true,"href":"https:\/\/www.egemtv.com\/index.php?rest_route=\/wp\/v2\/media\/90928"}],"wp:attachment":[{"href":"https:\/\/www.egemtv.com\/index.php?rest_route=%2Fwp%2Fv2%2Fmedia&parent=90927"}],"wp:term":[{"taxonomy":"category","embeddable":true,"href":"https:\/\/www.egemtv.com\/index.php?rest_route=%2Fwp%2Fv2%2Fcategories&post=90927"},{"taxonomy":"post_tag","embeddable":true,"href":"https:\/\/www.egemtv.com\/index.php?rest_route=%2Fwp%2Fv2%2Ftags&post=90927"}],"curies":[{"name":"wp","href":"https:\/\/api.w.org\/{rel}","templated":true}]}}