{"id":90924,"date":"2026-02-27T19:56:04","date_gmt":"2026-02-27T16:56:04","guid":{"rendered":"https:\/\/www.egemtv.com\/?p=90924"},"modified":"2026-02-27T19:56:05","modified_gmt":"2026-02-27T16:56:05","slug":"vali-akbiyik-seydikemerde-selden-etkilenen-ciftcilerle-bir-araya-geldi","status":"publish","type":"post","link":"https:\/\/www.egemtv.com\/?p=90924","title":{"rendered":"Vali Akb\u0131y\u0131k, Seydikemer\u2019de selden etkilenen \u00e7ift\u00e7ilerle bir araya geldi"},"content":{"rendered":"<p>Mu\u011fla Valisi \u0130dris Akb\u0131y\u0131k, ge\u00e7ti\u011fimiz g\u00fcnlerde ya\u015fanan ya\u011f\u0131\u015ftan sonra meydana gelen selde zarar g\u00f6ren \u00e7ift\u00e7ileri ziyaret etti. \u0130lk olarak \u00c7ukurincir Mahallesi\u2019ne gelen Akb\u0131y\u0131k, muhtarl\u0131k binas\u0131nda muhtardan ve yetkililerden bilgi ald\u0131. Vatanda\u015flar\u0131n istek ve taleplerini dinledi. Daha sonra selden zarar g\u00f6ren seralarda inceleme yapan Akb\u0131y\u0131k, Karak\u00f6y ve Kumluova mahallelerinde selden etkilenen \u00fcreticileri ziyaret etti.<\/p>\n<p>Akb\u0131y\u0131k\u2019a ziyaretlerinde, Seydikemer Kaymakam\u0131 Mustafa Dilekli, AK Parti Mu\u011fla Milletvekili Yakup Otg\u00f6z, Belediye Ba\u015fkan\u0131 Bayram \u00d6nder Akdenizli, AFAD \u0130l M\u00fcd\u00fcr\u00fc \u0130shak Cindio\u011flu, Mu\u011fla Tar\u0131m ve Orman M\u00fcd\u00fcr\u00fc Seyfettin Baydar ile baz\u0131 kurum m\u00fcd\u00fcrleri e\u015flik etti.<br \/>\n<br \/>Mu\u011fla Valisi \u0130dris Akb\u0131y\u0131k, Seydikemer \u0130l\u00e7esi\u2019nde olu\u015fan afet nedeniyle seralar\u0131 yerinde incelediklerini belirterek, \u2018\u2019En b\u00fcy\u00fck hasar Seydikemer\u2019de oldu. 30 y\u0131lda bir meydana gelen \u015fiddetli ya\u011f\u0131\u015ft\u0131. Bu \u015fekilde hasarlar olabiliyor. \u00d6rt\u00fc alt\u0131 seralarda zarar \u00e7ok. 30 mahallemizde 400 \u00e7ift\u00e7imiz zarara u\u011frad\u0131. Yakla\u015f\u0131k tahmini hasar tutar\u0131 132 milyon 268 bin civar\u0131nda. Komisyonlar\u0131m\u0131z tespitini yapt\u0131. Yine bunlardan 3 bin 990 dekar a\u00e7\u0131k alan, 451 dekar \u00f6rt\u00fc alt\u0131 alan. Hasar g\u00f6ren ar\u0131 kovan ve kanatl\u0131 hayvanlar var. Yakla\u015f\u0131k 8 milyon 400 bin civar\u0131 da bal\u0131k ve yumurta. 94 bu\u00e7uk ton afetten etkilendi. Allah b\u00f6yle afetleri bir daha g\u00f6stermesin. Kamu kurum ve kurulu\u015flar olarak her t\u00fcrl\u00fc deste\u011fi verece\u011fiz. Hep beraber \u00fcstesinden gelece\u011fiz. T\u00fcrkiye Cumhuriyeti b\u00fcy\u00fck bir devlet. Devletimiz, asr\u0131n felaketi gibi b\u00fcy\u00fck bir depremle m\u00fccadele verdi. Seydikemer\u2019de de gerekli destekler sa\u011flanacakt\u0131r.\u2019\u2019 ifadelerini kulland\u0131.<br \/><\/p>\n","protected":false},"excerpt":{"rendered":"<p>Mu\u011fla Valisi \u0130dris Akb\u0131y\u0131k, ge\u00e7ti\u011fimiz g\u00fcnlerde ya\u015fanan ya\u011f\u0131\u015ftan sonra meydana gelen selde zarar g\u00f6ren \u00e7ift\u00e7ileri ziyaret etti. \u0130lk olarak \u00c7ukurincir Mahallesi\u2019ne gelen Akb\u0131y\u0131k, muhtarl\u0131k binas\u0131nda muhtardan ve yetkililerden bilgi ald\u0131. Vatanda\u015flar\u0131n istek ve taleplerini dinledi. Daha sonra selden zarar g\u00f6ren seralarda inceleme yapan Akb\u0131y\u0131k, Karak\u00f6y ve Kumluova mahallelerinde selden etkilenen \u00fcreticileri ziyaret etti. Akb\u0131y\u0131k\u2019a ziyaretlerinde,&#8230;<\/p>\n","protected":false},"author":1,"featured_media":90925,"comment_status":"open","ping_status":"open","sticky":false,"template":"","format":"standard","meta":{"_crdt_document":"","footnotes":""},"categories":[123],"tags":[],"class_list":["post-90924","post","type-post","status-publish","format-standard","has-post-thumbnail","hentry","category-gundem"],"_links":{"self":[{"href":"https:\/\/www.egemtv.com\/index.php?rest_route=\/wp\/v2\/posts\/90924","targetHints":{"allow":["GET"]}}],"collection":[{"href":"https:\/\/www.egemtv.com\/index.php?rest_route=\/wp\/v2\/posts"}],"about":[{"href":"https:\/\/www.egemtv.com\/index.php?rest_route=\/wp\/v2\/types\/post"}],"author":[{"embeddable":true,"href":"https:\/\/www.egemtv.com\/index.php?rest_route=\/wp\/v2\/users\/1"}],"replies":[{"embeddable":true,"href":"https:\/\/www.egemtv.com\/index.php?rest_route=%2Fwp%2Fv2%2Fcomments&post=90924"}],"version-history":[{"count":1,"href":"https:\/\/www.egemtv.com\/index.php?rest_route=\/wp\/v2\/posts\/90924\/revisions"}],"predecessor-version":[{"id":90926,"href":"https:\/\/www.egemtv.com\/index.php?rest_route=\/wp\/v2\/posts\/90924\/revisions\/90926"}],"wp:featuredmedia":[{"embeddable":true,"href":"https:\/\/www.egemtv.com\/index.php?rest_route=\/wp\/v2\/media\/90925"}],"wp:attachment":[{"href":"https:\/\/www.egemtv.com\/index.php?rest_route=%2Fwp%2Fv2%2Fmedia&parent=90924"}],"wp:term":[{"taxonomy":"category","embeddable":true,"href":"https:\/\/www.egemtv.com\/index.php?rest_route=%2Fwp%2Fv2%2Fcategories&post=90924"},{"taxonomy":"post_tag","embeddable":true,"href":"https:\/\/www.egemtv.com\/index.php?rest_route=%2Fwp%2Fv2%2Ftags&post=90924"}],"curies":[{"name":"wp","href":"https:\/\/api.w.org\/{rel}","templated":true}]}}