{"id":90921,"date":"2026-02-27T19:14:33","date_gmt":"2026-02-27T16:14:33","guid":{"rendered":"https:\/\/www.egemtv.com\/?p=90921"},"modified":"2026-02-27T19:14:34","modified_gmt":"2026-02-27T16:14:34","slug":"sanayi-ve-teknoloji-bakani-mehmet-fatih-kacir-denizli-partilileriyle-bir-araya-geldi","status":"publish","type":"post","link":"https:\/\/www.egemtv.com\/?p=90921","title":{"rendered":"Sanayi ve Teknoloji Bakan\u0131 Mehmet Fatih Kac\u0131r Denizli partilileriyle bir araya geldi"},"content":{"rendered":"<p>Sanayi ve Teknoloji Bakan\u0131 Mehmet Fatih Kac\u0131r, Denizli program\u0131 kapsam\u0131nda AK Parti Denizli \u0130l Ba\u015fkanl\u0131\u011f\u0131\u2019n\u0131 ziyaret ederek te\u015fkilat \u00fcyeleriyle bir araya geldi.<\/p>\n<p>Sanayi ve Teknoloji Bakan\u0131 Mehmet Fatih Kac\u0131r, 27 \u015eubat 2026 tarihinde ger\u00e7ekle\u015ftirdi\u011fi Denizli program\u0131 \u00e7er\u00e7evesinde AK Parti Denizli \u0130l Ba\u015fkanl\u0131\u011f\u0131\u2019na ziyarette bulundu. Bakan Kac\u0131r, burada partililer ve te\u015fkilat \u00fcyeleri taraf\u0131ndan kar\u015f\u0131land\u0131. Ziyaret program\u0131n\u0131n \u00f6\u011fleden sonraki b\u00f6l\u00fcm\u00fcnde ger\u00e7ekle\u015fen bulu\u015fmada Bakan Kac\u0131r, te\u015fkilat mensuplar\u0131yla uzun s\u00fcre sohbet ederek T\u00fcrkiye\u2019nin enerji ve sanayi politikalar\u0131na ili\u015fkin de\u011ferlendirmelerde bulundu. Denizli\u2019de devam eden ve planlanan projeler hakk\u0131nda g\u00f6r\u00fc\u015f al\u0131\u015fveri\u015finde bulunan Kac\u0131r, \u00fcretim, yat\u0131r\u0131m ve kalk\u0131nma odakl\u0131 \u00e7al\u0131\u015fmalar\u0131n \u00f6nemine vurgu yapt\u0131.<\/p>\n<p>Ger\u00e7ekle\u015ftirilen ziyarete; AK Parti Denizli \u0130l Ba\u015fkan\u0131 Muhammet Suba\u015f\u0131o\u011flu, \u00c7ameli Belediye Ba\u015fkan\u0131 Cengiz Arslan, milletvekilleri ve \u00e7ok say\u0131da te\u015fkilat \u00fcyesi kat\u0131ld\u0131. Program, hat\u0131ra foto\u011fraf\u0131 \u00e7ekiminin ard\u0131ndan sona erdi.<br \/><\/p>\n","protected":false},"excerpt":{"rendered":"<p>Sanayi ve Teknoloji Bakan\u0131 Mehmet Fatih Kac\u0131r, Denizli program\u0131 kapsam\u0131nda AK Parti Denizli \u0130l Ba\u015fkanl\u0131\u011f\u0131\u2019n\u0131 ziyaret ederek te\u015fkilat \u00fcyeleriyle bir araya geldi. Sanayi ve Teknoloji Bakan\u0131 Mehmet Fatih Kac\u0131r, 27 \u015eubat 2026 tarihinde ger\u00e7ekle\u015ftirdi\u011fi Denizli program\u0131 \u00e7er\u00e7evesinde AK Parti Denizli \u0130l Ba\u015fkanl\u0131\u011f\u0131\u2019na ziyarette bulundu. Bakan Kac\u0131r, burada partililer ve te\u015fkilat \u00fcyeleri taraf\u0131ndan kar\u015f\u0131land\u0131. Ziyaret program\u0131n\u0131n&#8230;<\/p>\n","protected":false},"author":1,"featured_media":90922,"comment_status":"open","ping_status":"open","sticky":false,"template":"","format":"standard","meta":{"_crdt_document":"","footnotes":""},"categories":[127],"tags":[],"class_list":["post-90921","post","type-post","status-publish","format-standard","has-post-thumbnail","hentry","category-siyaset"],"_links":{"self":[{"href":"https:\/\/www.egemtv.com\/index.php?rest_route=\/wp\/v2\/posts\/90921","targetHints":{"allow":["GET"]}}],"collection":[{"href":"https:\/\/www.egemtv.com\/index.php?rest_route=\/wp\/v2\/posts"}],"about":[{"href":"https:\/\/www.egemtv.com\/index.php?rest_route=\/wp\/v2\/types\/post"}],"author":[{"embeddable":true,"href":"https:\/\/www.egemtv.com\/index.php?rest_route=\/wp\/v2\/users\/1"}],"replies":[{"embeddable":true,"href":"https:\/\/www.egemtv.com\/index.php?rest_route=%2Fwp%2Fv2%2Fcomments&post=90921"}],"version-history":[{"count":1,"href":"https:\/\/www.egemtv.com\/index.php?rest_route=\/wp\/v2\/posts\/90921\/revisions"}],"predecessor-version":[{"id":90923,"href":"https:\/\/www.egemtv.com\/index.php?rest_route=\/wp\/v2\/posts\/90921\/revisions\/90923"}],"wp:featuredmedia":[{"embeddable":true,"href":"https:\/\/www.egemtv.com\/index.php?rest_route=\/wp\/v2\/media\/90922"}],"wp:attachment":[{"href":"https:\/\/www.egemtv.com\/index.php?rest_route=%2Fwp%2Fv2%2Fmedia&parent=90921"}],"wp:term":[{"taxonomy":"category","embeddable":true,"href":"https:\/\/www.egemtv.com\/index.php?rest_route=%2Fwp%2Fv2%2Fcategories&post=90921"},{"taxonomy":"post_tag","embeddable":true,"href":"https:\/\/www.egemtv.com\/index.php?rest_route=%2Fwp%2Fv2%2Ftags&post=90921"}],"curies":[{"name":"wp","href":"https:\/\/api.w.org\/{rel}","templated":true}]}}