{"id":90912,"date":"2026-02-27T17:34:38","date_gmt":"2026-02-27T14:34:38","guid":{"rendered":"https:\/\/www.egemtv.com\/?p=90912"},"modified":"2026-02-27T17:34:40","modified_gmt":"2026-02-27T14:34:40","slug":"didimde-mr-unitesi-hizmete-girdi","status":"publish","type":"post","link":"https:\/\/www.egemtv.com\/?p=90912","title":{"rendered":"Didim\u2019de MR \u00fcnitesi hizmete girdi"},"content":{"rendered":"<p>Sa\u011fl\u0131k altyap\u0131s\u0131 g\u00fc\u00e7lendirilen Didim Devlet Hastanesi\u2019nde hastalar, ileri g\u00f6r\u00fcnt\u00fcleme hizmetine il\u00e7e merkezinde eri\u015febilecek.<\/p>\n<p>Didim Devlet Hastanesi b\u00fcnyesinde kurulan Manyetik Rezonans (MR) \u00fcnitesi hizmete al\u0131nd\u0131. Hastanede sunulan sa\u011fl\u0131k hizmetlerinin kalitesini art\u0131rmak ve teknolojik imkanlar\u0131 \u00fcst seviyeye ta\u015f\u0131mak amac\u0131yla y\u00fcr\u00fct\u00fclen \u00e7al\u0131\u015fmalar kapsam\u0131nda tamamlanan MR \u00fcnitesi, hasta kabul\u00fcne ba\u015flad\u0131. Yeni \u00fcniteyle birlikte vatanda\u015flar\u0131n ileri g\u00f6r\u00fcnt\u00fcleme hizmetlerine daha h\u0131zl\u0131 ve etkin \u015fekilde ula\u015fmas\u0131n\u0131n hedeflendi\u011fini ifade eden Didim Devlet Hastanesi\u2019nden yap\u0131lan a\u00e7\u0131klamada tan\u0131 ve tedavi s\u00fcre\u00e7lerinin de \u00f6nemli \u00f6l\u00e7\u00fcde h\u0131z kazanaca\u011f\u0131 vurguland\u0131. \u0130l\u00e7ede sa\u011fl\u0131k altyap\u0131s\u0131n\u0131 g\u00fc\u00e7lendiren yat\u0131r\u0131m\u0131n, \u00f6zellikle sevk ihtiyac\u0131n\u0131 azaltarak hastalara zaman ve eri\u015fim kolayl\u0131\u011f\u0131 sa\u011flayaca\u011f\u0131 ifade edildi.<br \/><\/p>\n","protected":false},"excerpt":{"rendered":"<p>Sa\u011fl\u0131k altyap\u0131s\u0131 g\u00fc\u00e7lendirilen Didim Devlet Hastanesi\u2019nde hastalar, ileri g\u00f6r\u00fcnt\u00fcleme hizmetine il\u00e7e merkezinde eri\u015febilecek. Didim Devlet Hastanesi b\u00fcnyesinde kurulan Manyetik Rezonans (MR) \u00fcnitesi hizmete al\u0131nd\u0131. Hastanede sunulan sa\u011fl\u0131k hizmetlerinin kalitesini art\u0131rmak ve teknolojik imkanlar\u0131 \u00fcst seviyeye ta\u015f\u0131mak amac\u0131yla y\u00fcr\u00fct\u00fclen \u00e7al\u0131\u015fmalar kapsam\u0131nda tamamlanan MR \u00fcnitesi, hasta kabul\u00fcne ba\u015flad\u0131. Yeni \u00fcniteyle birlikte vatanda\u015flar\u0131n ileri g\u00f6r\u00fcnt\u00fcleme hizmetlerine daha h\u0131zl\u0131&#8230;<\/p>\n","protected":false},"author":1,"featured_media":90913,"comment_status":"open","ping_status":"open","sticky":false,"template":"","format":"standard","meta":{"_crdt_document":"","footnotes":""},"categories":[2],"tags":[],"class_list":["post-90912","post","type-post","status-publish","format-standard","has-post-thumbnail","hentry","category-saglik"],"_links":{"self":[{"href":"https:\/\/www.egemtv.com\/index.php?rest_route=\/wp\/v2\/posts\/90912","targetHints":{"allow":["GET"]}}],"collection":[{"href":"https:\/\/www.egemtv.com\/index.php?rest_route=\/wp\/v2\/posts"}],"about":[{"href":"https:\/\/www.egemtv.com\/index.php?rest_route=\/wp\/v2\/types\/post"}],"author":[{"embeddable":true,"href":"https:\/\/www.egemtv.com\/index.php?rest_route=\/wp\/v2\/users\/1"}],"replies":[{"embeddable":true,"href":"https:\/\/www.egemtv.com\/index.php?rest_route=%2Fwp%2Fv2%2Fcomments&post=90912"}],"version-history":[{"count":1,"href":"https:\/\/www.egemtv.com\/index.php?rest_route=\/wp\/v2\/posts\/90912\/revisions"}],"predecessor-version":[{"id":90914,"href":"https:\/\/www.egemtv.com\/index.php?rest_route=\/wp\/v2\/posts\/90912\/revisions\/90914"}],"wp:featuredmedia":[{"embeddable":true,"href":"https:\/\/www.egemtv.com\/index.php?rest_route=\/wp\/v2\/media\/90913"}],"wp:attachment":[{"href":"https:\/\/www.egemtv.com\/index.php?rest_route=%2Fwp%2Fv2%2Fmedia&parent=90912"}],"wp:term":[{"taxonomy":"category","embeddable":true,"href":"https:\/\/www.egemtv.com\/index.php?rest_route=%2Fwp%2Fv2%2Fcategories&post=90912"},{"taxonomy":"post_tag","embeddable":true,"href":"https:\/\/www.egemtv.com\/index.php?rest_route=%2Fwp%2Fv2%2Ftags&post=90912"}],"curies":[{"name":"wp","href":"https:\/\/api.w.org\/{rel}","templated":true}]}}