{"id":90909,"date":"2026-02-27T17:14:54","date_gmt":"2026-02-27T14:14:54","guid":{"rendered":"https:\/\/www.egemtv.com\/?p=90909"},"modified":"2026-02-27T17:14:55","modified_gmt":"2026-02-27T14:14:55","slug":"yuzyilin-konut-projesinde-denizli-kura-cekimi-yapildi","status":"publish","type":"post","link":"https:\/\/www.egemtv.com\/?p=90909","title":{"rendered":"Y\u00fczy\u0131l\u0131n Konut Projesinde Denizli Kura \u00c7ekimi yap\u0131ld\u0131"},"content":{"rendered":"<p>Y\u00fczy\u0131l\u0131n Konut Projesi Denizli Kura \u00c7ekimi T\u00f6reni\u2019ne kat\u0131lan Sanayi ve Teknoloji Bakan\u0131 Mehmet Fatih Kac\u0131r, &#8220;Denizli\u2019de in\u015fa edilecek 6 bin 370 konutun tamam\u0131 yatay mimari esas al\u0131narak, \u015fehrimizin geleneksel dokusuna ve yerel dokusuna uygun bir estetikle y\u00fckselecek&#8221; dedi.<br \/>\n<br \/>Y\u00fczy\u0131l\u0131n Konut Projesi Denizli Kura \u00c7ekimi Pamukkale \u00dcniversitesi Kongre ve K\u00fclt\u00fcr Merkezi\u2019nde \u00e7ekildi. Bir dizi ziyaret kapsam\u0131nda Denizli\u2019ye gelen Sanayi ve Teknoloji Bakan\u0131 Mehmet Fatih Kac\u0131r, kura \u00e7ekim t\u00f6renine kat\u0131ld\u0131. Kura \u00e7ekimi \u00f6ncesi a\u00e7\u0131l\u0131\u015f konu\u015fmas\u0131n\u0131 yapan TOK\u0130 Ba\u015fkan Yard\u0131mc\u0131s\u0131 Osman Diren\u00e7, &#8220;Deprem b\u00f6lgesinde Cumhurba\u015fkan\u0131m\u0131z\u0131n kat\u0131l\u0131m\u0131yla 455 bininci konutun kura \u00e7ekimini ve teslimini ger\u00e7ekle\u015ftirdik. 2019 y\u0131l\u0131nda 50 bin, 2020 y\u0131l\u0131nda 100 bin, 2022 y\u0131l\u0131nda ise 250 bin haneye kapsayan 3 ayr\u0131 sosyal konut projesi ile ba\u015flatt\u0131k. T\u00fcrkiye genelinde yakla\u015f\u0131k 7 milyon haneyi ilgilendiren 1 milyon 750 bin konut rakam\u0131na ula\u015ft\u0131k. Bug\u00fcn itibar\u0131yla \u00fclke \u00e7ap\u0131nda 615 bin, \u015fantiyemizde 410 bin konutumuzun \u00e7al\u0131\u015fmalar\u0131 devam etmektedir. Bu proje devletimizin ortaya koydu\u011fu tarihin en kapsaml\u0131 sosyal konut projesi olacakt\u0131r. Bu proje 2 milyon vatanda\u015f\u0131m\u0131za yuva olacakt\u0131r. Kampanyaya Denizli merkezden ve di\u011fer il\u00e7elerde toplam 48 bin 578 vatanda\u015f\u0131m\u0131z\u0131n ge\u00e7erli ba\u015fvurusu olmu\u015ftur. Bu ba\u015fvurulardan Denizli merkezden 4 bin 700, Ac\u0131payam il\u00e7esinde 750, Baklan il\u00e7esinde 30, Bekilli il\u00e7esinde 200, Beya\u011fa\u00e7 il\u00e7esinde 50, Bozkurt il\u00e7esinde 50, Buldan il\u00e7esinde 24, \u00c7al 100, \u00c7ameli il\u00e7esinde 100, \u00c7ivril il\u00e7esinde 100, G\u00fcney il\u00e7esinde 94, Kale il\u00e7esinde 50, Sarayk\u00f6y il\u00e7esinde 22, Tavas il\u00e7esinde 100 konutun hak sahipleri belirlenecektir. Toplam 6 bin 370 konut hak sahibini bulacakt\u0131r. Ev sahibi olmayan tek bir vatanda\u015f\u0131m\u0131z olmayana kadar TOK\u0130\u2019nin projeleri devam edecektir&#8221; diye konu\u015ftu.<br \/>\n<br \/>Kura \u00e7ekimi i\u00e7in salonu dolduran ba\u015fvuru sahiplerine seslenen Sanayi ve Teknoloji Bakan\u0131 Mehmet Fatih Kac\u0131r, Y\u00fczy\u0131l\u0131n Konut Projesi Kura \u00c7ekim T\u00f6reni vesilesiyle vatanda\u015flarla bir arada olmaktan mutluluk duydu\u011funu ifade ederek hak sahibi olacak vatanda\u015flar\u0131 tebrik etti. K\u0131sa s\u00fcre i\u00e7erisinde yap\u0131m\u0131 tamamlanarak teslim edilecek konutlar\u0131n Denizli\u2019ye ve hak sahiplerine hay\u0131rl\u0131 u\u011furlu olmas\u0131n\u0131 temenni eden Sanayi ve Teknoloji Bakan\u0131 Mehmet Fatih Kac\u0131r, &#8220;\u0130nsan\u0131 ya\u015fat ki devlet ya\u015fas\u0131n \u015fiar\u0131yla milletimizin umudu olmay\u0131, gelece\u011fini, yar\u0131nlar\u0131n\u0131 in\u015fa etmeyi s\u00fcrd\u00fcrece\u011fiz. Yurt sath\u0131nda, 81 ilimizde ba\u015flatt\u0131\u011f\u0131m\u0131z konut seferberli\u011fi de bunun en k\u0131ymetli ni\u015fanesidir. H\u00fck\u00fcmetlerimiz d\u00f6neminde TOK\u0130 vas\u0131tas\u0131yla ger\u00e7ekle\u015ftirdi\u011fimiz konut hamleleri, d\u00fcnyada e\u015fine az rastlan\u0131r bir ba\u015far\u0131 hikayesidir. Bug\u00fcne kadar 81 ilimizde toplam 1 milyon 757 bin konut in\u015fa ettik. Vatanda\u015flar\u0131m\u0131z\u0131 sosyal donat\u0131lar\u0131, ye\u015fil alanlar\u0131, altyap\u0131s\u0131 planlanm\u0131\u015f; sa\u011flam, g\u00fcvenli ve depreme dayan\u0131kl\u0131 yuvalarla bulu\u015fturduk&#8221; dedi.<\/p>\n<p>&#8220;Proje kapsam\u0131nda konutlar\u0131n 6 bin 370\u2019i Denizli\u2019de in\u015fa edilecek&#8221;<br \/>\n<br \/>Denizli\u2019de bug\u00fcne kadar 13 bin 643 sosyal konutun yap\u0131m\u0131n\u0131n tamamland\u0131\u011f\u0131n\u0131 ifade eden Bakan Kac\u0131r, bin 899 konutun ise k\u0131sa s\u00fcrede tamamlanaca\u011f\u0131n\u0131 duyurdu. Cumhurba\u015fkan\u0131 Recep Tayyip Erdo\u011fan\u2019\u0131n m\u00fcjdeledi\u011fi Y\u00fczy\u0131l\u0131n Konut Seferberli\u011fi ile vatanda\u015flara uygun maliyetlerle konuta eri\u015fim sa\u011flamak \u00fczere ad\u0131m att\u0131klar\u0131n\u0131 dile getiren Bakan Kac\u0131r, &#8220;81 ilimizde 500 bin konut in\u015fa edece\u011fimiz projeyle, vatanda\u015flar\u0131m\u0131z b\u00fct\u00e7elerini zorlamadan talep ettikleri evlere sahip olabilecek, ya\u015fam standartlar\u0131n\u0131 y\u00fckseltecek. Proje kapsam\u0131nda gen\u00e7lerimize, \u015fehit ailelerimize, engelli karde\u015flerimize ve emeklilerimize \u00f6zel kontenjan ay\u0131rd\u0131k. Y\u00fczde 10 pe\u015finat ve 240 aya varan vade imk\u00e2nlar\u0131yla sat\u0131\u015fa sunulacak bu konutlar\u0131n 6 bin 370\u2019i Denizli\u2019de in\u015fa edilecek. Konutlar\u0131n tamam\u0131; yatay mimari esas al\u0131narak, \u015fehrimizin geleneksel dokusuna ve yerel dokusuna uygun bir estetikle y\u00fckselecek. Bizler Denizli\u2019nin d\u00f6rt bir yan\u0131n\u0131 yeni eser ve hizmetlerle donatmay\u0131 s\u00fcrd\u00fcrece\u011fiz&#8221; \u015feklinde konu\u015ftu.<\/p>\n<p>&#8220;Destek alan KOB\u0130 say\u0131s\u0131 100\u2019\u00fc bulmazken, 28 bine \u00e7\u0131kt\u0131&#8221;<br \/>\n<br \/>Denizli\u2019ye 23 y\u0131lda yap\u0131lan hizmetleri s\u0131ralayan Bakan Kac\u0131r, &#8220;\u2019Halka hizmet Hakk\u2019a hizmettir\u2019 diyerek son 23 y\u0131lda \u015fehrimizde 2 yeni organize sanayi b\u00f6lgesi kurduk. OSB\u2019lerimizde 8 bin ilave istihdam olu\u015fturduk. 23 y\u0131l \u00f6ncesine kadar KOSGEB desteklerinden faydalanan KOB\u0130\u2019lerimizin say\u0131s\u0131 100\u2019\u00fc dahi bulmazken, AK Parti iktidarlar\u0131 d\u00f6neminde yakla\u015f\u0131k 28 bin KOB\u0130\u2019ye 6,3 milyar lira destek sa\u011flad\u0131k. Ula\u015ft\u0131rmada 2002\u2019de yaln\u0131zca 67 kilometre olan b\u00f6l\u00fcnm\u00fc\u015f yol uzunlu\u011funu 513 kilometreye \u00e7\u0131kard\u0131k. Ayd\u0131n-Denizli Otoyolu ile Denizli\u2019den Ayd\u0131n ve \u0130zmir\u2019e kesintisiz otoyol a\u011f\u0131yla h\u0131zl\u0131 ve konforlu ula\u015f\u0131m imk\u00e2n\u0131 tesis ettik. Havayolu ula\u015f\u0131m\u0131nda, Denizli-\u00c7ardak Havaliman\u0131\u2019n\u0131n 2002 y\u0131l\u0131nda 34 bin 600 olan yolcu trafi\u011fini, 13 kattan fazla artt\u0131rarak 459 bine y\u00fckselttik. \u0130limizde 23 y\u0131l \u00f6nce hasta yatak say\u0131m\u0131z bin 542 iken  \u015fu an bin 898\u2019i nitelikli 3 bin 339 yata\u011f\u0131m\u0131z bulunuyor. Gen\u00e7lik merkezi say\u0131m\u0131z\u0131 1\u2019den 9\u2019a, gen\u00e7lik ve spor tesisi say\u0131m\u0131z\u0131 19\u2019den 92\u2019ye \u00e7\u0131kard\u0131k. Y\u00fcksek\u00f6\u011frenim yurt yatak kapasitemizi 4 bin 286\u2019dan 12 bin 405\u2019e ula\u015ft\u0131rd\u0131k. \u0130\u015fte b\u00fct\u00fcn bu yat\u0131r\u0131mlar, T\u00fcrkiye Y\u00fczy\u0131l\u0131\u2019nda daha g\u00fc\u00e7l\u00fc, daha m\u00fcreffeh ve tam ba\u011f\u0131ms\u0131z T\u00fcrkiye\u2019nin teminat\u0131d\u0131r&#8221; diye konu\u015ftu.<br \/><\/p>\n","protected":false},"excerpt":{"rendered":"<p>Y\u00fczy\u0131l\u0131n Konut Projesi Denizli Kura \u00c7ekimi T\u00f6reni\u2019ne kat\u0131lan Sanayi ve Teknoloji Bakan\u0131 Mehmet Fatih Kac\u0131r, &#8220;Denizli\u2019de in\u015fa edilecek 6 bin 370 konutun tamam\u0131 yatay mimari esas al\u0131narak, \u015fehrimizin geleneksel dokusuna ve yerel dokusuna uygun bir estetikle y\u00fckselecek&#8221; dedi. Y\u00fczy\u0131l\u0131n Konut Projesi Denizli Kura \u00c7ekimi Pamukkale \u00dcniversitesi Kongre ve K\u00fclt\u00fcr Merkezi\u2019nde \u00e7ekildi. Bir dizi ziyaret kapsam\u0131nda&#8230;<\/p>\n","protected":false},"author":1,"featured_media":90910,"comment_status":"open","ping_status":"open","sticky":false,"template":"","format":"standard","meta":{"_crdt_document":"","footnotes":""},"categories":[1],"tags":[],"class_list":["post-90909","post","type-post","status-publish","format-standard","has-post-thumbnail","hentry","category-guncel"],"_links":{"self":[{"href":"https:\/\/www.egemtv.com\/index.php?rest_route=\/wp\/v2\/posts\/90909","targetHints":{"allow":["GET"]}}],"collection":[{"href":"https:\/\/www.egemtv.com\/index.php?rest_route=\/wp\/v2\/posts"}],"about":[{"href":"https:\/\/www.egemtv.com\/index.php?rest_route=\/wp\/v2\/types\/post"}],"author":[{"embeddable":true,"href":"https:\/\/www.egemtv.com\/index.php?rest_route=\/wp\/v2\/users\/1"}],"replies":[{"embeddable":true,"href":"https:\/\/www.egemtv.com\/index.php?rest_route=%2Fwp%2Fv2%2Fcomments&post=90909"}],"version-history":[{"count":1,"href":"https:\/\/www.egemtv.com\/index.php?rest_route=\/wp\/v2\/posts\/90909\/revisions"}],"predecessor-version":[{"id":90911,"href":"https:\/\/www.egemtv.com\/index.php?rest_route=\/wp\/v2\/posts\/90909\/revisions\/90911"}],"wp:featuredmedia":[{"embeddable":true,"href":"https:\/\/www.egemtv.com\/index.php?rest_route=\/wp\/v2\/media\/90910"}],"wp:attachment":[{"href":"https:\/\/www.egemtv.com\/index.php?rest_route=%2Fwp%2Fv2%2Fmedia&parent=90909"}],"wp:term":[{"taxonomy":"category","embeddable":true,"href":"https:\/\/www.egemtv.com\/index.php?rest_route=%2Fwp%2Fv2%2Fcategories&post=90909"},{"taxonomy":"post_tag","embeddable":true,"href":"https:\/\/www.egemtv.com\/index.php?rest_route=%2Fwp%2Fv2%2Ftags&post=90909"}],"curies":[{"name":"wp","href":"https:\/\/api.w.org\/{rel}","templated":true}]}}