{"id":90906,"date":"2026-02-27T16:34:42","date_gmt":"2026-02-27T13:34:42","guid":{"rendered":"https:\/\/www.egemtv.com\/?p=90906"},"modified":"2026-02-27T16:34:42","modified_gmt":"2026-02-27T13:34:42","slug":"aydinda-acil-saglik-filosuna-16-yeni-ambulans","status":"publish","type":"post","link":"https:\/\/www.egemtv.com\/?p=90906","title":{"rendered":"Ayd\u0131n\u2019da acil sa\u011fl\u0131k filosuna 16 yeni ambulans"},"content":{"rendered":"<p>Sa\u011fl\u0131k Bakanl\u0131\u011f\u0131 ve hay\u0131rseverlerin deste\u011fiyle Ayd\u0131n\u2019a kazand\u0131r\u0131lan 16 yeni ambulans, d\u00fczenlenen t\u00f6renle hizmete al\u0131n\u0131rken, yeni ara\u00e7larla birlikte il genelinde 2026 y\u0131l\u0131nda 81 kara ambulans\u0131 ve 52 Acil Sa\u011fl\u0131k Hizmetleri \u0130stasyonu ile 7 g\u00fcn 24 saat kesintisiz hizmet sunulacak.<\/p>\n<p>Ayd\u0131n\u2019a sa\u011fl\u0131k alan\u0131nda \u00f6nemli bir destek daha geldi. Sa\u011fl\u0131k Bakanl\u0131\u011f\u0131 taraf\u0131ndan tahsis edilen 15 ambulans ile hay\u0131rsever ba\u011f\u0131\u015f\u00e7\u0131n\u0131n katk\u0131lar\u0131yla al\u0131nan 1 ambulans olmak \u00fczere toplam 16 yeni ara\u00e7, Ayd\u0131n \u0130l Sa\u011fl\u0131k M\u00fcd\u00fcrl\u00fc\u011f\u00fc envanterine kat\u0131ld\u0131. Ambulanslar, \u0130l Sa\u011fl\u0131k M\u00fcd\u00fcrl\u00fc\u011f\u00fc bah\u00e7esinde d\u00fczenlenen t\u00f6renle teslim edildi. T\u00f6rene Ayd\u0131n Valisi Yakup Canbolat, AK Parti Ayd\u0131n Milletvekilleri, \u0130l Sa\u011fl\u0131k M\u00fcd\u00fcr\u00fc Dr. Eser \u015eenkul, kurum m\u00fcd\u00fcrleri, siyasi parti ba\u015fkanlar\u0131 ve sa\u011fl\u0131k \u00e7al\u0131\u015fanlar\u0131 kat\u0131ld\u0131.<\/p>\n<p>Ayd\u0131n \u0130l Sa\u011fl\u0131k M\u00fcd\u00fcr\u00fc Dr. Eser \u015eenkul t\u00f6rende yapt\u0131\u011f\u0131 konu\u015fmada acil sa\u011fl\u0131k hizmetlerinin her ge\u00e7en g\u00fcn g\u00fc\u00e7lendi\u011fini belirtti. \u015eenkul, &#8220;Ya\u015fama yol ver slogan\u0131yla g\u00f6rev yapan 740 acil sa\u011fl\u0131k hizmetleri personelimiz, 2025 y\u0131l\u0131 i\u00e7erisinde toplam 2 milyon 800 bin kilometre yol kat ederek 123 bin 500 vakaya ula\u015fm\u0131\u015f ve vatanda\u015flar\u0131m\u0131za zaman\u0131nda, etkin ve nitelikli sa\u011fl\u0131k hizmeti sunmu\u015ftur. Bu rakamlar, te\u015fkilat\u0131m\u0131z\u0131n azmini, fedak\u00e2rl\u0131\u011f\u0131n\u0131 ve insan hayat\u0131na verdi\u011fi de\u011ferin bir g\u00f6stergesidir. Envanterimize kazand\u0131r\u0131lan 16 yeni ambulans ile birlikte 2026 y\u0131l\u0131nda 81 kara ambulans\u0131 ve 52 Acil Sa\u011fl\u0131k Hizmetleri \u0130stasyonu ile, il genelinde 7 g\u00fcn 24 saat kesintisiz acil sa\u011fl\u0131k hizmeti sunmaya devam edece\u011fiz. \u0130limize kazand\u0131r\u0131lan bu 16 yeni ambulans; g\u00fcncel t\u0131bbi donan\u0131mlar\u0131, ileri teknolojik altyap\u0131lar\u0131 ve y\u00fcksek g\u00fcvenlik standartlar\u0131 ile acil durumlarda vatanda\u015flar\u0131m\u0131za en k\u0131sa s\u00fcrede ula\u015f\u0131lmas\u0131na \u00f6nemli katk\u0131lar sa\u011flayacakt\u0131r. Ayn\u0131 zamanda bu yat\u0131r\u0131mlar, sahada b\u00fcy\u00fck bir \u00f6zveriyle g\u00f6rev yapan sa\u011fl\u0131k personelimizin \u00e7al\u0131\u015fma \u015fartlar\u0131n\u0131 daha g\u00fcvenli ve daha g\u00fc\u00e7l\u00fc hale getirecektir. Ambulanslar\u0131m\u0131z\u0131n Ayd\u0131n\u2019\u0131m\u0131za kazand\u0131r\u0131lmas\u0131nda, ba\u015fta Cumhurba\u015fkan\u0131m\u0131z olmak \u00fczere, Sa\u011fl\u0131k Bakan\u0131m\u0131za ve eme\u011fi ge\u00e7en herkese \u015f\u00fckranlar\u0131m\u0131 sunuyorum. Ayr\u0131ca, acil sa\u011fl\u0131k hizmetlerimize ba\u011f\u0131\u015flad\u0131klar\u0131 ambulans ile \u00f6nemli katk\u0131 sa\u011flayan, \u00c7ine Organize Sanayi B\u00f6lgesi Ba\u015fkanl\u0131\u011f\u0131\u2019na da te\u015fekk\u00fcr ediyorum. Sa\u011fl\u0131k Bakanl\u0131\u011f\u0131\u2019m\u0131z\u0131n \u2019Koruyan, geli\u015ftiren ve \u00fcreten sa\u011fl\u0131k\u2019 vizyonu do\u011frultusunda, acil sa\u011fl\u0131k hizmetlerimizi her ge\u00e7en g\u00fcn daha da ileriye ta\u015f\u0131maya kararl\u0131l\u0131kla devam ederek, ilimize kazand\u0131r\u0131lan bu ambulanslar\u0131n hay\u0131rl\u0131 olmas\u0131n\u0131 temenni ediyorum&#8221; dedi.<\/p>\n<p>Anahtarlar teslim edildi<br \/>\n<br \/>Konu\u015fmalar\u0131n ard\u0131ndan ambulanslar\u0131n anahtarlar\u0131 \u015fof\u00f6rlere teslim edilirken, yeni ara\u00e7lar g\u00f6rev yapacaklar\u0131 istasyonlara dualar e\u015fli\u011finde u\u011furland\u0131. Ambulanslar; Efeler 2, 5, 7 ve 10 No\u2019lu ASH\u0130; \u0130ncirliova 1; Germencik 1; S\u00f6ke 5 ve 6; Ku\u015fadas\u0131 3 ve 5; Didim 1; \u00c7ine 1 ve 2; Karpuzlu 1; Nazilli 1 ve 7 No\u2019lu Acil Sa\u011fl\u0131k Hizmetleri \u0130stasyonlar\u0131nda g\u00f6rev yapacak.<br \/><\/p>\n","protected":false},"excerpt":{"rendered":"<p>Sa\u011fl\u0131k Bakanl\u0131\u011f\u0131 ve hay\u0131rseverlerin deste\u011fiyle Ayd\u0131n\u2019a kazand\u0131r\u0131lan 16 yeni ambulans, d\u00fczenlenen t\u00f6renle hizmete al\u0131n\u0131rken, yeni ara\u00e7larla birlikte il genelinde 2026 y\u0131l\u0131nda 81 kara ambulans\u0131 ve 52 Acil Sa\u011fl\u0131k Hizmetleri \u0130stasyonu ile 7 g\u00fcn 24 saat kesintisiz hizmet sunulacak. Ayd\u0131n\u2019a sa\u011fl\u0131k alan\u0131nda \u00f6nemli bir destek daha geldi. Sa\u011fl\u0131k Bakanl\u0131\u011f\u0131 taraf\u0131ndan tahsis edilen 15 ambulans ile hay\u0131rsever&#8230;<\/p>\n","protected":false},"author":1,"featured_media":90907,"comment_status":"open","ping_status":"open","sticky":false,"template":"","format":"standard","meta":{"_crdt_document":"","footnotes":""},"categories":[2],"tags":[],"class_list":["post-90906","post","type-post","status-publish","format-standard","has-post-thumbnail","hentry","category-saglik"],"_links":{"self":[{"href":"https:\/\/www.egemtv.com\/index.php?rest_route=\/wp\/v2\/posts\/90906","targetHints":{"allow":["GET"]}}],"collection":[{"href":"https:\/\/www.egemtv.com\/index.php?rest_route=\/wp\/v2\/posts"}],"about":[{"href":"https:\/\/www.egemtv.com\/index.php?rest_route=\/wp\/v2\/types\/post"}],"author":[{"embeddable":true,"href":"https:\/\/www.egemtv.com\/index.php?rest_route=\/wp\/v2\/users\/1"}],"replies":[{"embeddable":true,"href":"https:\/\/www.egemtv.com\/index.php?rest_route=%2Fwp%2Fv2%2Fcomments&post=90906"}],"version-history":[{"count":1,"href":"https:\/\/www.egemtv.com\/index.php?rest_route=\/wp\/v2\/posts\/90906\/revisions"}],"predecessor-version":[{"id":90908,"href":"https:\/\/www.egemtv.com\/index.php?rest_route=\/wp\/v2\/posts\/90906\/revisions\/90908"}],"wp:featuredmedia":[{"embeddable":true,"href":"https:\/\/www.egemtv.com\/index.php?rest_route=\/wp\/v2\/media\/90907"}],"wp:attachment":[{"href":"https:\/\/www.egemtv.com\/index.php?rest_route=%2Fwp%2Fv2%2Fmedia&parent=90906"}],"wp:term":[{"taxonomy":"category","embeddable":true,"href":"https:\/\/www.egemtv.com\/index.php?rest_route=%2Fwp%2Fv2%2Fcategories&post=90906"},{"taxonomy":"post_tag","embeddable":true,"href":"https:\/\/www.egemtv.com\/index.php?rest_route=%2Fwp%2Fv2%2Ftags&post=90906"}],"curies":[{"name":"wp","href":"https:\/\/api.w.org\/{rel}","templated":true}]}}