{"id":90903,"date":"2026-02-27T16:34:41","date_gmt":"2026-02-27T13:34:41","guid":{"rendered":"https:\/\/www.egemtv.com\/?p=90903"},"modified":"2026-02-27T16:34:42","modified_gmt":"2026-02-27T13:34:42","slug":"temizlik-yaparken-yangin-cikardilar","status":"publish","type":"post","link":"https:\/\/www.egemtv.com\/?p=90903","title":{"rendered":"Temizlik yaparken yang\u0131n \u00e7\u0131kard\u0131lar"},"content":{"rendered":"<p>Mu\u011fla\u2019n\u0131n Bodrum il\u00e7esinde temizlik i\u00e7in yak\u0131lan ate\u015f kontrolden \u00e7\u0131k\u0131nca alevleri itfaiye ve orman ekipleri s\u00f6nd\u00fcrd\u00fc.<\/p>\n<p>Bug\u00fcn \u00f6\u011fleden sonra Karaova Yenik\u00f6y Mahallesi\u2019nde bir arazide temizlik ate\u015fi yak\u0131ld\u0131.  Kuzeyden esen sert r\u00fczgarla birlikte ate\u015f kontrolden \u00e7\u0131karak \u00e7evreye yay\u0131ld\u0131. \u0130hbar\u0131n ard\u0131ndan Bodrum \u0130tfaiye Grup Amirli\u011fi ile Mumcular Orman \u0130\u015fletme \u015eefli\u011fi ile baz\u0131 arama kurtarma derneklerinin g\u00f6n\u00fcll\u00fcleri b\u00f6lgeye hareket etti. Yang\u0131na d\u00f6n\u00fc\u015fen temizlik ate\u015fi, ekiplerin m\u00fcdahalesiyle s\u00f6nd\u00fcr\u00fclerek b\u00f6lgede so\u011futma \u00e7al\u0131\u015fmas\u0131 ger\u00e7ekle\u015ftirildi.<br \/><\/p>\n","protected":false},"excerpt":{"rendered":"<p>Mu\u011fla\u2019n\u0131n Bodrum il\u00e7esinde temizlik i\u00e7in yak\u0131lan ate\u015f kontrolden \u00e7\u0131k\u0131nca alevleri itfaiye ve orman ekipleri s\u00f6nd\u00fcrd\u00fc. Bug\u00fcn \u00f6\u011fleden sonra Karaova Yenik\u00f6y Mahallesi\u2019nde bir arazide temizlik ate\u015fi yak\u0131ld\u0131. Kuzeyden esen sert r\u00fczgarla birlikte ate\u015f kontrolden \u00e7\u0131karak \u00e7evreye yay\u0131ld\u0131. \u0130hbar\u0131n ard\u0131ndan Bodrum \u0130tfaiye Grup Amirli\u011fi ile Mumcular Orman \u0130\u015fletme \u015eefli\u011fi ile baz\u0131 arama kurtarma derneklerinin g\u00f6n\u00fcll\u00fcleri b\u00f6lgeye hareket&#8230;<\/p>\n","protected":false},"author":1,"featured_media":90904,"comment_status":"open","ping_status":"open","sticky":false,"template":"","format":"standard","meta":{"_crdt_document":"","footnotes":""},"categories":[5],"tags":[],"class_list":["post-90903","post","type-post","status-publish","format-standard","has-post-thumbnail","hentry","category-asayis"],"_links":{"self":[{"href":"https:\/\/www.egemtv.com\/index.php?rest_route=\/wp\/v2\/posts\/90903","targetHints":{"allow":["GET"]}}],"collection":[{"href":"https:\/\/www.egemtv.com\/index.php?rest_route=\/wp\/v2\/posts"}],"about":[{"href":"https:\/\/www.egemtv.com\/index.php?rest_route=\/wp\/v2\/types\/post"}],"author":[{"embeddable":true,"href":"https:\/\/www.egemtv.com\/index.php?rest_route=\/wp\/v2\/users\/1"}],"replies":[{"embeddable":true,"href":"https:\/\/www.egemtv.com\/index.php?rest_route=%2Fwp%2Fv2%2Fcomments&post=90903"}],"version-history":[{"count":1,"href":"https:\/\/www.egemtv.com\/index.php?rest_route=\/wp\/v2\/posts\/90903\/revisions"}],"predecessor-version":[{"id":90905,"href":"https:\/\/www.egemtv.com\/index.php?rest_route=\/wp\/v2\/posts\/90903\/revisions\/90905"}],"wp:featuredmedia":[{"embeddable":true,"href":"https:\/\/www.egemtv.com\/index.php?rest_route=\/wp\/v2\/media\/90904"}],"wp:attachment":[{"href":"https:\/\/www.egemtv.com\/index.php?rest_route=%2Fwp%2Fv2%2Fmedia&parent=90903"}],"wp:term":[{"taxonomy":"category","embeddable":true,"href":"https:\/\/www.egemtv.com\/index.php?rest_route=%2Fwp%2Fv2%2Fcategories&post=90903"},{"taxonomy":"post_tag","embeddable":true,"href":"https:\/\/www.egemtv.com\/index.php?rest_route=%2Fwp%2Fv2%2Ftags&post=90903"}],"curies":[{"name":"wp","href":"https:\/\/api.w.org\/{rel}","templated":true}]}}